{"id":19551,"date":"2018-10-31T13:14:22","date_gmt":"2018-10-31T12:14:22","guid":{"rendered":"https:\/\/www.ebookers.ch\/blog-voyage\/?p=19551"},"modified":"2018-11-12T13:24:31","modified_gmt":"2018-11-12T12:24:31","slug":"les-plus-beaux-marches-de-noel-deurope","status":"publish","type":"post","link":"https:\/\/www.ebookers.ch\/blog-voyage\/2018\/10\/31\/les-plus-beaux-marches-de-noel-deurope\/","title":{"rendered":"Les plus beaux march\u00e9s de No\u00ebl d&#8217;Europe"},"content":{"rendered":"<p>&nbsp;<\/p>\n<p>Ces march\u00e9s traditionnels font de No\u00ebl la p\u00e9riode la plus magique de l&#8217;ann\u00e9e. Que vous soyez \u00e0 la recherche d&#8217;un cadeau \u00e0 offrir ou que vous souhaitiez simplement prendre part \u00e0 l&#8217;esprit festif et boire un verre de vin chaud, une chose est s\u00fbre\u00a0: ces march\u00e9s vous r\u00e9chaufferont le c\u0153ur malgr\u00e9 les rigueurs hivernales.<\/p>\n<h3><strong>March\u00e9s de la place de la Vieille-Ville et de la place Venceslas, \u00e0 Prague (R\u00e9publique tch\u00e8que)<\/strong><\/h3>\n<p><img loading=\"lazy\" decoding=\"async\" class=\"alignnone size-full wp-image-19552\" src=\"https:\/\/www.ebookers.ch\/blog-voyage\/wp-content\/uploads\/2018\/10\/Screen-Shot-2018-10-31-at-09.23.25.png\" alt=\"\" width=\"870\" height=\"580\" srcset=\"https:\/\/www.ebookers.ch\/blog-voyage\/wp-content\/uploads\/2018\/10\/Screen-Shot-2018-10-31-at-09.23.25.png 870w, https:\/\/www.ebookers.ch\/blog-voyage\/wp-content\/uploads\/2018\/10\/Screen-Shot-2018-10-31-at-09.23.25-450x300.png 450w, https:\/\/www.ebookers.ch\/blog-voyage\/wp-content\/uploads\/2018\/10\/Screen-Shot-2018-10-31-at-09.23.25-768x512.png 768w, https:\/\/www.ebookers.ch\/blog-voyage\/wp-content\/uploads\/2018\/10\/Screen-Shot-2018-10-31-at-09.23.25-510x340.png 510w\" sizes=\"auto, (max-width: 870px) 100vw, 870px\" \/><\/p>\n<p>Arpentez sans mod\u00e9ration les all\u00e9es de ces deux march\u00e9s de la capitale tch\u00e8que, dignes de contes de f\u00e9es. Laissez-vous porter par les chants m\u00e9lodieux de No\u00ebl tout en sirotant un grog, breuvage chaud typique \u00e0 base de rhum auquel on ajoute un peu de sucre et un zeste de citron. Les plus jeunes s&#8217;\u00e9merveilleront devant l&#8217;immense arbre de No\u00ebl qui tr\u00f4ne sur la place de la Vieille-Ville et l&#8217;enclos o\u00f9 les attendent de vrais animaux de la ferme.<\/p>\n<p class=\"section-header-main\"><strong><a href=\"https:\/\/www.ebookers.ch\/fr\/Hotel-Prague.d180014.Voyage-Guide-Hotels?langid=4108\">Notre s\u00e9lection d\u2019h\u00f4tels \u00e0 Prague<\/a><\/strong><\/p>\n<h3><strong>March\u00e9s de la place V\u00f6r\u00f6smarty et de la basilique Saint-\u00c9tienne, \u00e0 Budapest (Hongrie)<\/strong><\/h3>\n<p><img loading=\"lazy\" decoding=\"async\" class=\"alignnone size-full wp-image-19553\" src=\"https:\/\/www.ebookers.ch\/blog-voyage\/wp-content\/uploads\/2018\/10\/Screen-Shot-2018-10-31-at-09.25.22.png\" alt=\"\" width=\"906\" height=\"579\" srcset=\"https:\/\/www.ebookers.ch\/blog-voyage\/wp-content\/uploads\/2018\/10\/Screen-Shot-2018-10-31-at-09.25.22.png 906w, https:\/\/www.ebookers.ch\/blog-voyage\/wp-content\/uploads\/2018\/10\/Screen-Shot-2018-10-31-at-09.25.22-450x288.png 450w, https:\/\/www.ebookers.ch\/blog-voyage\/wp-content\/uploads\/2018\/10\/Screen-Shot-2018-10-31-at-09.25.22-768x491.png 768w, https:\/\/www.ebookers.ch\/blog-voyage\/wp-content\/uploads\/2018\/10\/Screen-Shot-2018-10-31-at-09.25.22-532x340.png 532w\" sizes=\"auto, (max-width: 906px) 100vw, 906px\" \/><\/p>\n<p>Si Budapest est l&#8217;une des capitales europ\u00e9ennes les plus chaleureuses, elle devient particuli\u00e8rement fascinante autour du solstice d&#8217;hiver. Joignez-vous aux festivit\u00e9s de la place V\u00f6r\u00f6smarty, o\u00f9 les artisans de la r\u00e9gion exposent leurs marchandises, ou allez admirer le spectacle de lumi\u00e8res qui illumine chaque soir la fa\u00e7ade sculpt\u00e9e de la basilique Saint-\u00c9tienne. Quel que soit le march\u00e9 que vous choisissez de visiter, vous devrez \u00e0 tout prix go\u00fbter au <em>K\u00fcrt\u0151skal\u00e1cs<\/em>, aussi appel\u00e9 \u00ab\u00a0g\u00e2teau chemin\u00e9e\u00a0\u00bb, une p\u00e2tisserie hongroise cuite \u00e0 la broche et saupoudr\u00e9e de sucre \u00e0 la cannelle.<\/p>\n<p class=\"section-header-main\"><a href=\"https:\/\/www.ebookers.ch\/fr\/Hotel-Budapest.d179994.Voyage-Guide-Hotels\"><strong>Notre s\u00e9lection d\u2019h\u00f4tels \u00e0 Budapest<\/strong><\/a><\/p>\n<h3><strong>March\u00e9 des jardins de Tivoli, \u00e0 Copenhague (Danemark)<\/strong><\/h3>\n<div id=\"attachment_19554\" style=\"width: 5626px\" class=\"wp-caption alignnone\"><img loading=\"lazy\" decoding=\"async\" aria-describedby=\"caption-attachment-19554\" class=\"size-full wp-image-19554\" src=\"https:\/\/www.ebookers.ch\/blog-voyage\/wp-content\/uploads\/2018\/10\/Tivoli.jpg\" alt=\"\" width=\"5616\" height=\"3744\" srcset=\"https:\/\/www.ebookers.ch\/blog-voyage\/wp-content\/uploads\/2018\/10\/Tivoli.jpg 5616w, https:\/\/www.ebookers.ch\/blog-voyage\/wp-content\/uploads\/2018\/10\/Tivoli-450x300.jpg 450w, https:\/\/www.ebookers.ch\/blog-voyage\/wp-content\/uploads\/2018\/10\/Tivoli-768x512.jpg 768w, https:\/\/www.ebookers.ch\/blog-voyage\/wp-content\/uploads\/2018\/10\/Tivoli-1024x683.jpg 1024w, https:\/\/www.ebookers.ch\/blog-voyage\/wp-content\/uploads\/2018\/10\/Tivoli-510x340.jpg 510w\" sizes=\"auto, (max-width: 5616px) 100vw, 5616px\" \/><p id=\"caption-attachment-19554\" class=\"wp-caption-text\"><span style=\"color: #2b2b2b; font-size: 16px;\">Chaque ann\u00e9e, les Danois se rassemblent sous les guirlandes de lumi\u00e8res f\u00e9eriques de ce parc d&#8217;attractions surprenant qui a ouvert ses portes en\u00a01843. Il vous faudra certes payer des droits d&#8217;entr\u00e9e pour y acc\u00e9der, mais les attractions familiales et la chance de d\u00e9couvrir l&#8217;ambiance unique des festivit\u00e9s de fin d&#8217;ann\u00e9e nordiques en valent la peine.<\/span><\/p><\/div>\n<p class=\"section-header-main\"><a href=\"https:\/\/www.ebookers.ch\/fr\/Hotel-Copenhague.d178252.Voyage-Guide-Hotels\"><strong>Notre s\u00e9lection d\u2019h\u00f4tels \u00e0 Copenhague<\/strong><\/a><\/p>\n<h3><strong>March\u00e9 de No\u00ebl de Tallinn (Estonie)<\/strong><\/h3>\n<p><img loading=\"lazy\" decoding=\"async\" class=\"size-full wp-image-19555\" src=\"https:\/\/www.ebookers.ch\/blog-voyage\/wp-content\/uploads\/2018\/10\/Talin-Christmas-Markets-.jpg\" alt=\"\" width=\"3888\" height=\"2592\" srcset=\"https:\/\/www.ebookers.ch\/blog-voyage\/wp-content\/uploads\/2018\/10\/Talin-Christmas-Markets-.jpg 3888w, https:\/\/www.ebookers.ch\/blog-voyage\/wp-content\/uploads\/2018\/10\/Talin-Christmas-Markets--450x300.jpg 450w, https:\/\/www.ebookers.ch\/blog-voyage\/wp-content\/uploads\/2018\/10\/Talin-Christmas-Markets--768x512.jpg 768w, https:\/\/www.ebookers.ch\/blog-voyage\/wp-content\/uploads\/2018\/10\/Talin-Christmas-Markets--1024x683.jpg 1024w, https:\/\/www.ebookers.ch\/blog-voyage\/wp-content\/uploads\/2018\/10\/Talin-Christmas-Markets--510x340.jpg 510w\" sizes=\"auto, (max-width: 3888px) 100vw, 3888px\" \/><\/p>\n<p>La charmante capitale de l&#8217;Estonie poss\u00e8de l&#8217;un des centres-villes m\u00e9di\u00e9vaux les mieux pr\u00e9serv\u00e9s en Europe. L&#8217;h\u00f4tel de ville, devant lequel se tient le march\u00e9 de No\u00ebl enchanteur, a conserv\u00e9 nombre de ses \u00e9l\u00e9ments architecturaux d&#8217;origine, soit depuis\u00a01422. \u00c0 l&#8217;occasion de la saison des f\u00eates, les brasseries estoniennes produisent une bi\u00e8re brune sp\u00e9ciale et les boulangeries proposent une myriade de friandises parsem\u00e9es de fruits et de noix.<\/p>\n<p class=\"section-header-main\"><a href=\"https:\/\/www.ebookers.ch\/fr\/Hotel-Tallinn.d6056755.Voyage-Guide-Hotels\"><strong>Notre s\u00e9lection d\u2019h\u00f4tels \u00e0 Tallinn<\/strong><\/a><\/p>\n<h3><strong>March\u00e9 de la Rathausplatz, \u00e0 Vienne (Autriche)<\/strong><\/h3>\n<p><img loading=\"lazy\" decoding=\"async\" class=\"size-full wp-image-19556\" src=\"https:\/\/www.ebookers.ch\/blog-voyage\/wp-content\/uploads\/2018\/10\/Christmas-Markets-Vienna-.jpg\" alt=\"\" width=\"3851\" height=\"2567\" srcset=\"https:\/\/www.ebookers.ch\/blog-voyage\/wp-content\/uploads\/2018\/10\/Christmas-Markets-Vienna-.jpg 3851w, https:\/\/www.ebookers.ch\/blog-voyage\/wp-content\/uploads\/2018\/10\/Christmas-Markets-Vienna--450x300.jpg 450w, https:\/\/www.ebookers.ch\/blog-voyage\/wp-content\/uploads\/2018\/10\/Christmas-Markets-Vienna--768x512.jpg 768w, https:\/\/www.ebookers.ch\/blog-voyage\/wp-content\/uploads\/2018\/10\/Christmas-Markets-Vienna--1024x683.jpg 1024w, https:\/\/www.ebookers.ch\/blog-voyage\/wp-content\/uploads\/2018\/10\/Christmas-Markets-Vienna--510x340.jpg 510w\" sizes=\"auto, (max-width: 3851px) 100vw, 3851px\" \/><\/p>\n<p>Chaque ann\u00e9e, en d\u00e9cembre, l&#8217;esprit de No\u00ebl envahit la capitale autrichienne. Qui n&#8217;a jamais eu vent des p\u00e2tisseries viennoises? En cette p\u00e9riode de l&#8217;ann\u00e9e, magique il faut le dire, vous ne pourrez \u00e9chapper \u00e0 l&#8217;odeur des marrons chauds, des amandes grill\u00e9es, des \u00e9pices de No\u00ebl et du beurre noisette. Le grand march\u00e9 de No\u00ebl, install\u00e9 devant le <em>Rathaus<\/em> (\u00ab\u00a0h\u00f4tel de ville\u00a0\u00bb), est l&#8217;endroit parfait pour quiconque est en qu\u00eate de biscuits et autres douceurs culinaires.<\/p>\n<p class=\"section-header-main\"><a href=\"https:\/\/www.ebookers.ch\/fr\/Hotel-Vienne.d178316.Voyage-Guide-Hotels\"><strong>Notre s\u00e9lection d\u2019h\u00f4tels \u00e0 Vienne<\/strong><\/a><\/p>\n<h3><strong>March\u00e9 Christkindlesmarkt, \u00e0 Nuremberg (Allemagne)<\/strong><\/h3>\n<p><img loading=\"lazy\" decoding=\"async\" class=\"size-full wp-image-19557\" src=\"https:\/\/www.ebookers.ch\/blog-voyage\/wp-content\/uploads\/2018\/10\/Nuremberg-Christmas-Markets-.jpg\" alt=\"\" width=\"2126\" height=\"1411\" srcset=\"https:\/\/www.ebookers.ch\/blog-voyage\/wp-content\/uploads\/2018\/10\/Nuremberg-Christmas-Markets-.jpg 2126w, https:\/\/www.ebookers.ch\/blog-voyage\/wp-content\/uploads\/2018\/10\/Nuremberg-Christmas-Markets--450x299.jpg 450w, https:\/\/www.ebookers.ch\/blog-voyage\/wp-content\/uploads\/2018\/10\/Nuremberg-Christmas-Markets--768x510.jpg 768w, https:\/\/www.ebookers.ch\/blog-voyage\/wp-content\/uploads\/2018\/10\/Nuremberg-Christmas-Markets--1024x680.jpg 1024w, https:\/\/www.ebookers.ch\/blog-voyage\/wp-content\/uploads\/2018\/10\/Nuremberg-Christmas-Markets--512x340.jpg 512w\" sizes=\"auto, (max-width: 2126px) 100vw, 2126px\" \/><\/p>\n<p>Si cette p\u00e9riode de l&#8217;ann\u00e9e voit de nombreux <em>Weihnachtsm\u00e4rkte<\/em> illuminer les rues des villes et villages allemands, peu d&#8217;entre eux sont aussi spectaculaires que celui qui se dresse au c\u0153ur du vieux Nuremberg. Laissez-vous tenter par les d\u00e9corations de bois finement sculpt\u00e9es, commandez un <em>Becher Gl\u00fchwein<\/em> fumant et faites le plein de <em>Gem\u00fctlichkeit<\/em>.<\/p>\n<p class=\"section-header-main\"><a href=\"https:\/\/www.ebookers.ch\/fr\/Hotel-Nuremberg.d2611.Voyage-Guide-Hotels\">Notre s\u00e9lection d\u2019h\u00f4tels \u00e0 Nuremberg<\/a><\/p>\n<h3><strong>March\u00e9 de No\u00ebl Cath\u00e9drale, \u00e0 Strasbourg (France)<\/strong><\/h3>\n<p><img loading=\"lazy\" decoding=\"async\" class=\"size-full wp-image-19558\" src=\"https:\/\/www.ebookers.ch\/blog-voyage\/wp-content\/uploads\/2018\/10\/Strasbourg-Xmas-Market-.jpg\" alt=\"\" width=\"2121\" height=\"1414\" srcset=\"https:\/\/www.ebookers.ch\/blog-voyage\/wp-content\/uploads\/2018\/10\/Strasbourg-Xmas-Market-.jpg 2121w, https:\/\/www.ebookers.ch\/blog-voyage\/wp-content\/uploads\/2018\/10\/Strasbourg-Xmas-Market--450x300.jpg 450w, https:\/\/www.ebookers.ch\/blog-voyage\/wp-content\/uploads\/2018\/10\/Strasbourg-Xmas-Market--768x512.jpg 768w, https:\/\/www.ebookers.ch\/blog-voyage\/wp-content\/uploads\/2018\/10\/Strasbourg-Xmas-Market--1024x683.jpg 1024w, https:\/\/www.ebookers.ch\/blog-voyage\/wp-content\/uploads\/2018\/10\/Strasbourg-Xmas-Market--510x340.jpg 510w\" sizes=\"auto, (max-width: 2121px) 100vw, 2121px\" \/><\/p>\n<p>La capitale alsacienne a l&#8217;art d&#8217;allier les traditions fran\u00e7aises et allemandes pour un r\u00e9sultat vraiment unique. Chaque ann\u00e9e, ce sont plus de 300\u00a0chalets qui font surface devant l&#8217;imposante cath\u00e9drale de la ville. Les enfants pourront y d\u00e9guster un <em>mannele<\/em>, cette brioche en forme de petit bonhomme, pendant que les parents l\u00e8veront leur chope de bi\u00e8re de No\u00ebl ou leur verre de vin chaud \u00e0 la saison des f\u00eates.<\/p>\n<p class=\"section-header-main\"><a href=\"https:\/\/www.ebookers.ch\/fr\/Hotel-Strasbourg.d6217179.Voyage-Guide-Hotels\"><strong>Notre s\u00e9lection d\u2019h\u00f4tels \u00e0 Strasbourg<\/strong><\/a><\/p>\n<h3><strong>March\u00e9 de la rue du Mont-Blanc, \u00e0 Gen\u00e8ve (Suisse)<\/strong><\/h3>\n<p><img loading=\"lazy\" decoding=\"async\" class=\"alignnone size-full wp-image-19583\" src=\"https:\/\/www.ebookers.ch\/blog-voyage\/wp-content\/uploads\/2018\/10\/Screen-Shot-2018-11-12-at-12.20.46.png\" alt=\"\" width=\"1030\" height=\"599\" srcset=\"https:\/\/www.ebookers.ch\/blog-voyage\/wp-content\/uploads\/2018\/10\/Screen-Shot-2018-11-12-at-12.20.46.png 1030w, https:\/\/www.ebookers.ch\/blog-voyage\/wp-content\/uploads\/2018\/10\/Screen-Shot-2018-11-12-at-12.20.46-450x262.png 450w, https:\/\/www.ebookers.ch\/blog-voyage\/wp-content\/uploads\/2018\/10\/Screen-Shot-2018-11-12-at-12.20.46-768x447.png 768w, https:\/\/www.ebookers.ch\/blog-voyage\/wp-content\/uploads\/2018\/10\/Screen-Shot-2018-11-12-at-12.20.46-1024x596.png 1024w, https:\/\/www.ebookers.ch\/blog-voyage\/wp-content\/uploads\/2018\/10\/Screen-Shot-2018-11-12-at-12.20.46-585x340.png 585w\" sizes=\"auto, (max-width: 1030px) 100vw, 1030px\" \/><\/p>\n<p>Pendant l&#8217;Avent, les rues pav\u00e9es de la ville de Gen\u00e8ve prennent vie et les march\u00e9s de No\u00ebl \u00e9closent dans toute la ville pour vendre de d\u00e9licieuses sp\u00e9cialit\u00e9s fran\u00e7aises \u00e0 base de produits de la r\u00e9gion fertile du lac L\u00e9man. Les \u00e9tals jalonnant cette rue pi\u00e9tonne proposent tant des bijoux faits main que des articles en laine destin\u00e9s \u00e0 vous prot\u00e9ger du froid de l&#8217;hiver.<\/p>\n<p class=\"section-header-main\"><a href=\"https:\/\/www.ebookers.com\/Geneva-Hotels.d6360420.Travel-Guide-Hotels\"><strong>Notre s\u00e9lection d\u2019h\u00f4tels \u00e0 Geneva<\/strong><\/a><\/p>\n<h3><strong>March\u00e9 d&#8217;Albert Square, \u00e0 Manchester (Royaume-Uni)<\/strong><\/h3>\n<p><img loading=\"lazy\" decoding=\"async\" class=\"alignnone size-full wp-image-19560\" src=\"https:\/\/www.ebookers.ch\/blog-voyage\/wp-content\/uploads\/2018\/10\/Screen-Shot-2018-10-31-at-09.47.52.png\" alt=\"\" width=\"854\" height=\"552\" srcset=\"https:\/\/www.ebookers.ch\/blog-voyage\/wp-content\/uploads\/2018\/10\/Screen-Shot-2018-10-31-at-09.47.52.png 854w, https:\/\/www.ebookers.ch\/blog-voyage\/wp-content\/uploads\/2018\/10\/Screen-Shot-2018-10-31-at-09.47.52-450x291.png 450w, https:\/\/www.ebookers.ch\/blog-voyage\/wp-content\/uploads\/2018\/10\/Screen-Shot-2018-10-31-at-09.47.52-768x496.png 768w, https:\/\/www.ebookers.ch\/blog-voyage\/wp-content\/uploads\/2018\/10\/Screen-Shot-2018-10-31-at-09.47.52-526x340.png 526w\" sizes=\"auto, (max-width: 854px) 100vw, 854px\" \/><\/p>\n<p>Plus de 300\u00a0marchands s&#8217;installent au c\u0153ur de Manchester chaque ann\u00e9e au mois de novembre. Une patinoire ainsi que d&#8217;impressionnantes sculptures sur glace viennent ajouter leur touche \u00e0 la fr\u00e9n\u00e9sie de No\u00ebl, et diverses gourmandises, allant des divins cookies moelleux aux classiques frites bien chaudes, combleront toutes vos envies. Les plus grands pourront se faire plaisir avec un gin de No\u00ebl ou un espresso Martini, ou m\u00eame oser une coupe de champagne ros\u00e9 pour se tenir chaud.<\/p>\n<p class=\"section-header-main\"><a href=\"https:\/\/www.ebookers.ch\/fr\/Hotel-Manchester.d180010.Voyage-Guide-Hotels\"><strong>Notre s\u00e9lection d\u2019h\u00f4tels \u00e0 Manchester<\/strong><\/a><\/p>\n<h3><strong>March\u00e9 de Campo Pequeno, \u00e0 Lisbonne (Portugal)<\/strong><\/h3>\n<p><img loading=\"lazy\" decoding=\"async\" class=\"alignnone size-full wp-image-19581\" src=\"https:\/\/www.ebookers.ch\/blog-voyage\/wp-content\/uploads\/2018\/10\/Lisbon-Xmas-.png\" alt=\"\" width=\"648\" height=\"409\" srcset=\"https:\/\/www.ebookers.ch\/blog-voyage\/wp-content\/uploads\/2018\/10\/Lisbon-Xmas-.png 648w, https:\/\/www.ebookers.ch\/blog-voyage\/wp-content\/uploads\/2018\/10\/Lisbon-Xmas--450x284.png 450w, https:\/\/www.ebookers.ch\/blog-voyage\/wp-content\/uploads\/2018\/10\/Lisbon-Xmas--539x340.png 539w\" sizes=\"auto, (max-width: 648px) 100vw, 648px\" \/><\/p>\n<p>Si vous pr\u00e9f\u00e9rez c\u00e9l\u00e9brer l&#8217;Avent de fa\u00e7on plus pos\u00e9e, Lisbonne a ce qu&#8217;il vous faut. Ici, vous croiserez peu de touristes. Attendez-vous plut\u00f4t \u00e0 voir les habitants terminer leurs emplettes sous les lumi\u00e8res scintillantes de l&#8217;avenue Da\u00a0Liberdade. Passez acheter une bo\u00eete de tartelettes au flan, que vous d\u00e9gusterez tout en vous promenant.<\/p>\n<p class=\"section-header-main\"><a href=\"https:\/\/www.ebookers.ch\/fr\/Hotel-District-De-Lisbonne.d178278.Voyage-Guide-Hotels\"><strong>Notre s\u00e9lection d\u2019h\u00f4tels \u00e0 District de Lisbonne<\/strong><\/a><\/p>\n","protected":false},"excerpt":{"rendered":"<p>&nbsp; Ces march\u00e9s traditionnels font de No\u00ebl la p\u00e9riode la plus magique de l&#8217;ann\u00e9e. Que vous soyez \u00e0 la recherche [&hellip;]<\/p>\n","protected":false},"author":39,"featured_media":19555,"comment_status":"open","ping_status":"open","sticky":false,"template":"","format":"standard","meta":{"footnotes":""},"categories":[1],"tags":[],"class_list":["post-19551","post","type-post","status-publish","format-standard","has-post-thumbnail","hentry","category-general"],"acf":{"acf_offers_api_ebookers_destinations":""},"posts_api_cpm_point":"","yoast_head":"<!-- This site is optimized with the Yoast SEO plugin v19.8 - https:\/\/yoast.com\/wordpress\/plugins\/seo\/ -->\n<title>Les plus beaux march\u00e9s de No\u00ebl d&#039;Europe | ebookers.ch<\/title>\n<meta name=\"description\" content=\"Ces march\u00e9s traditionnels font de No\u00ebl la p\u00e9riode la plus magique de l&#039;ann\u00e9e.\" \/>\n<meta name=\"robots\" content=\"index, follow, max-snippet:-1, max-image-preview:large, max-video-preview:-1\" \/>\n<link rel=\"canonical\" href=\"https:\/\/www.ebookers.ch\/blog-voyage\/2018\/10\/31\/les-plus-beaux-marches-de-noel-deurope\/\" \/>\n<meta property=\"og:locale\" content=\"en_US\" \/>\n<meta property=\"og:type\" content=\"article\" \/>\n<meta property=\"og:title\" content=\"Les plus beaux march\u00e9s de No\u00ebl d&#039;Europe | ebookers.ch\" \/>\n<meta property=\"og:description\" content=\"Ces march\u00e9s traditionnels font de No\u00ebl la p\u00e9riode la plus magique de l&#039;ann\u00e9e.\" \/>\n<meta property=\"og:url\" content=\"https:\/\/www.ebookers.ch\/blog-voyage\/2018\/10\/31\/les-plus-beaux-marches-de-noel-deurope\/\" \/>\n<meta property=\"og:site_name\" content=\"Blog de voyage ebookers.ch\" \/>\n<meta property=\"article:published_time\" content=\"2018-10-31T12:14:22+00:00\" \/>\n<meta property=\"article:modified_time\" content=\"2018-11-12T12:24:31+00:00\" \/>\n<meta property=\"og:image\" content=\"https:\/\/www.ebookers.ch\/blog-voyage\/wp-content\/uploads\/2018\/10\/Talin-Christmas-Markets--1230x470.jpg\" \/>\n\t<meta property=\"og:image:width\" content=\"1230\" \/>\n\t<meta property=\"og:image:height\" content=\"470\" \/>\n\t<meta property=\"og:image:type\" content=\"image\/jpeg\" \/>\n<meta name=\"author\" content=\"Frances Doherty\" \/>\n<meta name=\"twitter:card\" content=\"summary_large_image\" \/>\n<meta name=\"twitter:label1\" content=\"Written by\" \/>\n\t<meta name=\"twitter:data1\" content=\"Frances Doherty\" \/>\n\t<meta name=\"twitter:label2\" content=\"Est. reading time\" \/>\n\t<meta name=\"twitter:data2\" content=\"5 minutes\" \/>\n<script type=\"application\/ld+json\" class=\"yoast-schema-graph\">{\"@context\":\"https:\/\/schema.org\",\"@graph\":[{\"@type\":\"WebPage\",\"@id\":\"https:\/\/www.ebookers.ch\/blog-voyage\/2018\/10\/31\/les-plus-beaux-marches-de-noel-deurope\/\",\"url\":\"https:\/\/www.ebookers.ch\/blog-voyage\/2018\/10\/31\/les-plus-beaux-marches-de-noel-deurope\/\",\"name\":\"Les plus beaux march\u00e9s de No\u00ebl d'Europe | ebookers.ch\",\"isPartOf\":{\"@id\":\"https:\/\/www.ebookers.ch\/blog-voyage\/#website\"},\"datePublished\":\"2018-10-31T12:14:22+00:00\",\"dateModified\":\"2018-11-12T12:24:31+00:00\",\"author\":{\"@id\":\"https:\/\/www.ebookers.ch\/blog-voyage\/#\/schema\/person\/516a1474d974ca3f02631fca6107d3e6\"},\"description\":\"Ces march\u00e9s traditionnels font de No\u00ebl la p\u00e9riode la plus magique de l'ann\u00e9e.\",\"breadcrumb\":{\"@id\":\"https:\/\/www.ebookers.ch\/blog-voyage\/2018\/10\/31\/les-plus-beaux-marches-de-noel-deurope\/#breadcrumb\"},\"inLanguage\":\"en-US\",\"potentialAction\":[{\"@type\":\"ReadAction\",\"target\":[\"https:\/\/www.ebookers.ch\/blog-voyage\/2018\/10\/31\/les-plus-beaux-marches-de-noel-deurope\/\"]}]},{\"@type\":\"BreadcrumbList\",\"@id\":\"https:\/\/www.ebookers.ch\/blog-voyage\/2018\/10\/31\/les-plus-beaux-marches-de-noel-deurope\/#breadcrumb\",\"itemListElement\":[{\"@type\":\"ListItem\",\"position\":1,\"name\":\"Accueil\",\"item\":\"https:\/\/www.ebookers.ch\/blog-voyage\/\"},{\"@type\":\"ListItem\",\"position\":2,\"name\":\"Les plus beaux march\u00e9s de No\u00ebl d&#8217;Europe\"}]},{\"@type\":\"WebSite\",\"@id\":\"https:\/\/www.ebookers.ch\/blog-voyage\/#website\",\"url\":\"https:\/\/www.ebookers.ch\/blog-voyage\/\",\"name\":\"Blog de voyage ebookers.ch\",\"description\":\"Actualit\u00e9s, voyages, culture, ebookers, litt\u00e9rature de voyage\",\"potentialAction\":[{\"@type\":\"SearchAction\",\"target\":{\"@type\":\"EntryPoint\",\"urlTemplate\":\"https:\/\/www.ebookers.ch\/blog-voyage\/?s={search_term_string}\"},\"query-input\":\"required name=search_term_string\"}],\"inLanguage\":\"en-US\"},{\"@type\":\"Person\",\"@id\":\"https:\/\/www.ebookers.ch\/blog-voyage\/#\/schema\/person\/516a1474d974ca3f02631fca6107d3e6\",\"name\":\"Frances Doherty\",\"image\":{\"@type\":\"ImageObject\",\"inLanguage\":\"en-US\",\"@id\":\"https:\/\/www.ebookers.ch\/blog-voyage\/#\/schema\/person\/image\/\",\"url\":\"https:\/\/secure.gravatar.com\/avatar\/be272b41548bac9481633dc66de5fbad481b071bbc2098d72993cdc444a96146?s=96&d=mm&r=g\",\"contentUrl\":\"https:\/\/secure.gravatar.com\/avatar\/be272b41548bac9481633dc66de5fbad481b071bbc2098d72993cdc444a96146?s=96&d=mm&r=g\",\"caption\":\"Frances Doherty\"},\"url\":\"https:\/\/www.ebookers.ch\/blog-voyage\/author\/frances\/\"}]}<\/script>\n<!-- \/ Yoast SEO plugin. -->","yoast_head_json":{"title":"Les plus beaux march\u00e9s de No\u00ebl d'Europe | ebookers.ch","description":"Ces march\u00e9s traditionnels font de No\u00ebl la p\u00e9riode la plus magique de l'ann\u00e9e.","robots":{"index":"index","follow":"follow","max-snippet":"max-snippet:-1","max-image-preview":"max-image-preview:large","max-video-preview":"max-video-preview:-1"},"canonical":"https:\/\/www.ebookers.ch\/blog-voyage\/2018\/10\/31\/les-plus-beaux-marches-de-noel-deurope\/","og_locale":"en_US","og_type":"article","og_title":"Les plus beaux march\u00e9s de No\u00ebl d'Europe | ebookers.ch","og_description":"Ces march\u00e9s traditionnels font de No\u00ebl la p\u00e9riode la plus magique de l'ann\u00e9e.","og_url":"https:\/\/www.ebookers.ch\/blog-voyage\/2018\/10\/31\/les-plus-beaux-marches-de-noel-deurope\/","og_site_name":"Blog de voyage ebookers.ch","article_published_time":"2018-10-31T12:14:22+00:00","article_modified_time":"2018-11-12T12:24:31+00:00","og_image":[{"width":1230,"height":470,"url":"https:\/\/www.ebookers.ch\/blog-voyage\/wp-content\/uploads\/2018\/10\/Talin-Christmas-Markets--1230x470.jpg","type":"image\/jpeg"}],"author":"Frances Doherty","twitter_card":"summary_large_image","twitter_misc":{"Written by":"Frances Doherty","Est. reading time":"5 minutes"},"schema":{"@context":"https:\/\/schema.org","@graph":[{"@type":"WebPage","@id":"https:\/\/www.ebookers.ch\/blog-voyage\/2018\/10\/31\/les-plus-beaux-marches-de-noel-deurope\/","url":"https:\/\/www.ebookers.ch\/blog-voyage\/2018\/10\/31\/les-plus-beaux-marches-de-noel-deurope\/","name":"Les plus beaux march\u00e9s de No\u00ebl d'Europe | ebookers.ch","isPartOf":{"@id":"https:\/\/www.ebookers.ch\/blog-voyage\/#website"},"datePublished":"2018-10-31T12:14:22+00:00","dateModified":"2018-11-12T12:24:31+00:00","author":{"@id":"https:\/\/www.ebookers.ch\/blog-voyage\/#\/schema\/person\/516a1474d974ca3f02631fca6107d3e6"},"description":"Ces march\u00e9s traditionnels font de No\u00ebl la p\u00e9riode la plus magique de l'ann\u00e9e.","breadcrumb":{"@id":"https:\/\/www.ebookers.ch\/blog-voyage\/2018\/10\/31\/les-plus-beaux-marches-de-noel-deurope\/#breadcrumb"},"inLanguage":"en-US","potentialAction":[{"@type":"ReadAction","target":["https:\/\/www.ebookers.ch\/blog-voyage\/2018\/10\/31\/les-plus-beaux-marches-de-noel-deurope\/"]}]},{"@type":"BreadcrumbList","@id":"https:\/\/www.ebookers.ch\/blog-voyage\/2018\/10\/31\/les-plus-beaux-marches-de-noel-deurope\/#breadcrumb","itemListElement":[{"@type":"ListItem","position":1,"name":"Accueil","item":"https:\/\/www.ebookers.ch\/blog-voyage\/"},{"@type":"ListItem","position":2,"name":"Les plus beaux march\u00e9s de No\u00ebl d&#8217;Europe"}]},{"@type":"WebSite","@id":"https:\/\/www.ebookers.ch\/blog-voyage\/#website","url":"https:\/\/www.ebookers.ch\/blog-voyage\/","name":"Blog de voyage ebookers.ch","description":"Actualit\u00e9s, voyages, culture, ebookers, litt\u00e9rature de voyage","potentialAction":[{"@type":"SearchAction","target":{"@type":"EntryPoint","urlTemplate":"https:\/\/www.ebookers.ch\/blog-voyage\/?s={search_term_string}"},"query-input":"required name=search_term_string"}],"inLanguage":"en-US"},{"@type":"Person","@id":"https:\/\/www.ebookers.ch\/blog-voyage\/#\/schema\/person\/516a1474d974ca3f02631fca6107d3e6","name":"Frances Doherty","image":{"@type":"ImageObject","inLanguage":"en-US","@id":"https:\/\/www.ebookers.ch\/blog-voyage\/#\/schema\/person\/image\/","url":"https:\/\/secure.gravatar.com\/avatar\/be272b41548bac9481633dc66de5fbad481b071bbc2098d72993cdc444a96146?s=96&d=mm&r=g","contentUrl":"https:\/\/secure.gravatar.com\/avatar\/be272b41548bac9481633dc66de5fbad481b071bbc2098d72993cdc444a96146?s=96&d=mm&r=g","caption":"Frances Doherty"},"url":"https:\/\/www.ebookers.ch\/blog-voyage\/author\/frances\/"}]}},"amp_enabled":true,"_links":{"self":[{"href":"https:\/\/www.ebookers.ch\/blog-voyage\/wp-json\/wp\/v2\/posts\/19551","targetHints":{"allow":["GET"]}}],"collection":[{"href":"https:\/\/www.ebookers.ch\/blog-voyage\/wp-json\/wp\/v2\/posts"}],"about":[{"href":"https:\/\/www.ebookers.ch\/blog-voyage\/wp-json\/wp\/v2\/types\/post"}],"author":[{"embeddable":true,"href":"https:\/\/www.ebookers.ch\/blog-voyage\/wp-json\/wp\/v2\/users\/39"}],"replies":[{"embeddable":true,"href":"https:\/\/www.ebookers.ch\/blog-voyage\/wp-json\/wp\/v2\/comments?post=19551"}],"version-history":[{"count":4,"href":"https:\/\/www.ebookers.ch\/blog-voyage\/wp-json\/wp\/v2\/posts\/19551\/revisions"}],"predecessor-version":[{"id":19584,"href":"https:\/\/www.ebookers.ch\/blog-voyage\/wp-json\/wp\/v2\/posts\/19551\/revisions\/19584"}],"wp:featuredmedia":[{"embeddable":true,"href":"https:\/\/www.ebookers.ch\/blog-voyage\/wp-json\/wp\/v2\/media\/19555"}],"wp:attachment":[{"href":"https:\/\/www.ebookers.ch\/blog-voyage\/wp-json\/wp\/v2\/media?parent=19551"}],"wp:term":[{"taxonomy":"category","embeddable":true,"href":"https:\/\/www.ebookers.ch\/blog-voyage\/wp-json\/wp\/v2\/categories?post=19551"},{"taxonomy":"post_tag","embeddable":true,"href":"https:\/\/www.ebookers.ch\/blog-voyage\/wp-json\/wp\/v2\/tags?post=19551"}],"curies":[{"name":"wp","href":"https:\/\/api.w.org\/{rel}","templated":true}]}}