{"id":21004,"date":"2021-02-08T14:24:54","date_gmt":"2021-02-08T13:24:54","guid":{"rendered":"https:\/\/www.ebookers.ch\/blog-voyage\/?p=21004"},"modified":"2021-05-11T16:37:01","modified_gmt":"2021-05-11T14:37:01","slug":"restaurants-avec-chambres","status":"publish","type":"post","link":"https:\/\/www.ebookers.ch\/blog-voyage\/2021\/02\/08\/restaurants-avec-chambres\/","title":{"rendered":"Restaurants avec chambres"},"content":{"rendered":"<p><strong><em>Remarque :<\/em><\/strong><em>\u00a0tous les voyages sont soumis \u00e0 des restrictions gouvernementales susceptibles d\u2019\u00e9voluer fr\u00e9quemment. Veuillez consulter les avis gouvernementaux avant de planifier un voyage.<\/em><\/p>\n<p><span data-contrast=\"auto\">Pour se reposer et se ressourcer apr\u00e8s une p\u00e9riode difficile, rien de mieux qu\u2019un d\u00e9licieux repas dans un restaurant gastronomique, suivi d\u2019une agr\u00e9able nuit dans un h\u00f4tel de luxe. D\u00e9couvrez notre s\u00e9lection des 10<\/span><span data-contrast=\"auto\">\u202f<\/span><span data-contrast=\"auto\">meilleurs h\u00f4tels avec restaurant de Suisse, certains proposant un spa et centre de bien-\u00eatre hors norme!<\/span><span data-ccp-props=\"{&quot;201341983&quot;:0,&quot;335559739&quot;:160,&quot;335559740&quot;:259}\">\u00a0<\/span><\/p>\n<h3><a href=\"https:\/\/www.ebookers.ch\/Geneva-Hotels-Eastwest-Hotel.h25211.Hotel-Beschreibung\"><b><span data-contrast=\"auto\">H<\/span><\/b><b><span data-contrast=\"auto\">\u00f4<\/span><\/b><b><span data-contrast=\"auto\">tel<\/span><\/b><b><span data-contrast=\"auto\">\u00a0<\/span><\/b><b><span data-contrast=\"auto\">Eastwest<\/span><\/b><b><span data-contrast=\"auto\">, Gen\u00e8ve<\/span><\/b><span data-ccp-props=\"{&quot;201341983&quot;:0,&quot;335559739&quot;:160,&quot;335559740&quot;:259}\">\u00a0<\/span><\/a><\/h3>\n<p><img loading=\"lazy\" decoding=\"async\" class=\"alignnone wp-image-21010 size-full\" src=\"https:\/\/www.ebookers.ch\/blog-voyage\/wp-content\/uploads\/2021\/02\/Ho\u0302tel-Eastwest-Gene\u0300ve-.jpg\" alt=\"\" width=\"1612\" height=\"1076\" srcset=\"https:\/\/www.ebookers.ch\/blog-voyage\/wp-content\/uploads\/2021\/02\/Ho\u0302tel-Eastwest-Gene\u0300ve-.jpg 1612w, https:\/\/www.ebookers.ch\/blog-voyage\/wp-content\/uploads\/2021\/02\/Ho\u0302tel-Eastwest-Gene\u0300ve--450x300.jpg 450w, https:\/\/www.ebookers.ch\/blog-voyage\/wp-content\/uploads\/2021\/02\/Ho\u0302tel-Eastwest-Gene\u0300ve--1024x684.jpg 1024w, https:\/\/www.ebookers.ch\/blog-voyage\/wp-content\/uploads\/2021\/02\/Ho\u0302tel-Eastwest-Gene\u0300ve--768x513.jpg 768w, https:\/\/www.ebookers.ch\/blog-voyage\/wp-content\/uploads\/2021\/02\/Ho\u0302tel-Eastwest-Gene\u0300ve--1536x1025.jpg 1536w, https:\/\/www.ebookers.ch\/blog-voyage\/wp-content\/uploads\/2021\/02\/Ho\u0302tel-Eastwest-Gene\u0300ve--509x340.jpg 509w\" sizes=\"auto, (max-width: 1612px) 100vw, 1612px\" \/><\/p>\n<p><span data-contrast=\"auto\">Ce petit h\u00f4tel de luxe situ\u00e9 au\u00a0<\/span><span data-contrast=\"auto\">c<\/span><span data-contrast=\"auto\">\u0153ur de\u00a0<\/span><span data-contrast=\"auto\">Gen\u00e8ve \u00e0<\/span><span data-contrast=\"auto\">\u00a0quelques pas du lac<\/span><span data-contrast=\"auto\">\u00a0L\u00e9man<\/span><span data-contrast=\"auto\">\u00a0est un \u00e9tablissement de renomm\u00e9e internationale. Ses 41<\/span><span data-contrast=\"auto\">\u202f<\/span><span data-contrast=\"auto\">chambres et suites\u00a0<\/span><span data-contrast=\"auto\">\u00e9quip\u00e9es d\u2019installations haut de gamme\u00a0<\/span><span data-contrast=\"auto\">sont d\u00e9cor\u00e9es dans un style contemporain<\/span><span data-contrast=\"auto\">\u00a0a<\/span><span data-contrast=\"auto\">ux<\/span><span data-contrast=\"auto\">\u00a0influences\u00a0<\/span><span data-contrast=\"auto\">orientales et occidentales<\/span><span data-contrast=\"auto\">.<\/span><span data-contrast=\"auto\">\u00a0Le restaurant de l\u2019Eastwest vous accueille dans une atmosph\u00e8re raffin\u00e9e<\/span><span data-contrast=\"auto\">\u00a0et\u00a0<\/span><span data-contrast=\"auto\">d\u00e9contract\u00e9e et vous invite \u00e0 d\u00e9couvrir une savoureuse cuisine\u00a0<\/span><span data-contrast=\"auto\">moderne<\/span><span data-contrast=\"auto\">. Le chef propose des plats fins et saisonniers, aux influences\u00a0<\/span><span data-contrast=\"auto\">suisses<\/span><span data-contrast=\"auto\">\u00a0et\u00a0<\/span><span data-contrast=\"auto\">internationales tels que le<\/span><span data-contrast=\"auto\">\u00a0d\u00e9licieux tataki de saumon ou Toban japonais garni de l\u00e9gumes de saison dans un bouill<\/span><span data-contrast=\"auto\">on<\/span><span data-contrast=\"auto\">\u00a0fumant.\u00a0<\/span><span data-contrast=\"auto\">Comme<\/span><span data-contrast=\"auto\">\u00a0dessert,<\/span><span data-contrast=\"auto\">\u00a0<\/span><span data-contrast=\"auto\">sachez que l<\/span><span data-contrast=\"auto\">e cheesecake maison est \u00e0 tomber par terre. Bon app\u00e9tit!<\/span><span data-ccp-props=\"{&quot;201341983&quot;:0,&quot;335559739&quot;:160,&quot;335559740&quot;:259}\">\u00a0<\/span><\/p>\n<h3><a href=\"https:\/\/www.ebookers.ch\/Montreux-Hotels-Hotel-Bristol.h13177754.Hotel-Beschreibung\"><b><span data-contrast=\"auto\">H\u00f4tel Bristol, Montreux<\/span><\/b><span data-ccp-props=\"{&quot;201341983&quot;:0,&quot;335559739&quot;:160,&quot;335559740&quot;:259}\">\u00a0<\/span><\/a><\/h3>\n<p><img loading=\"lazy\" decoding=\"async\" class=\"alignnone wp-image-21009 size-full\" src=\"https:\/\/www.ebookers.ch\/blog-voyage\/wp-content\/uploads\/2021\/02\/Ho\u0302tel-Bristol-Montreux-.jpg\" alt=\"\" width=\"1624\" height=\"1084\" srcset=\"https:\/\/www.ebookers.ch\/blog-voyage\/wp-content\/uploads\/2021\/02\/Ho\u0302tel-Bristol-Montreux-.jpg 1624w, https:\/\/www.ebookers.ch\/blog-voyage\/wp-content\/uploads\/2021\/02\/Ho\u0302tel-Bristol-Montreux--450x300.jpg 450w, https:\/\/www.ebookers.ch\/blog-voyage\/wp-content\/uploads\/2021\/02\/Ho\u0302tel-Bristol-Montreux--1024x684.jpg 1024w, https:\/\/www.ebookers.ch\/blog-voyage\/wp-content\/uploads\/2021\/02\/Ho\u0302tel-Bristol-Montreux--768x513.jpg 768w, https:\/\/www.ebookers.ch\/blog-voyage\/wp-content\/uploads\/2021\/02\/Ho\u0302tel-Bristol-Montreux--1536x1025.jpg 1536w, https:\/\/www.ebookers.ch\/blog-voyage\/wp-content\/uploads\/2021\/02\/Ho\u0302tel-Bristol-Montreux--509x340.jpg 509w\" sizes=\"auto, (max-width: 1624px) 100vw, 1624px\" \/><\/p>\n<p><span data-contrast=\"auto\">L\u2019h\u00f4tel Bristol 3<\/span><span data-contrast=\"auto\">\u202f<\/span><span data-contrast=\"auto\">\u00e9toiles sup\u00e9rieur est situ\u00e9 \u00e0 Montreux sur la Riviera\u00a0<\/span><span data-contrast=\"auto\">v<\/span><span data-contrast=\"auto\">audoise et b\u00e9n\u00e9ficie d\u2019une situation privil\u00e9gi\u00e9e aux abords du lac L\u00e9man.\u00a0<\/span><span data-contrast=\"auto\">Les chambres spacieuses et agr\u00e9ables sont toutes \u00e9quip\u00e9es d\u2019un grand balcon donnant sur le lac ou sur la ville. Le restaurant le Pavois propose une cuisine traditionnelle de saison dans un d\u00e9cor marin chaleureux, \u00e0\u00a0<\/span><span data-contrast=\"auto\">la\u00a0<\/span><span data-contrast=\"auto\">hauteur de la magnifique vue sur le lac L\u00e9man<\/span><span data-contrast=\"auto\">.<\/span><span data-contrast=\"auto\">\u00a0<\/span><span data-contrast=\"auto\">Si<\/span><span data-contrast=\"auto\">\u00a0la m\u00e9t\u00e9o le permet, installe<\/span><span data-contrast=\"auto\">z-vous\u00a0<\/span><span data-contrast=\"auto\">sur la gigantesque terrasse panoramique en bois pour une agr\u00e9able soir\u00e9e<\/span><span data-contrast=\"auto\">\u00a0et d\u00e9gustez le\u00a0<\/span><span data-contrast=\"auto\">succulent\u00a0<\/span><span data-contrast=\"auto\">menu signature<\/span><span data-contrast=\"auto\">\u00a0<\/span><span data-contrast=\"auto\">avec<\/span><span data-contrast=\"auto\">\u00a0sa saladine de mesclun aux \u00e9clats de foie gras po\u00eal\u00e9, le tournedos de b\u0153uf aux morilles\u00a0<\/span><span data-contrast=\"auto\">et\u00a0<\/span><span data-contrast=\"auto\">le souffl\u00e9 glac\u00e9\u00a0<\/span><span data-contrast=\"auto\">au<\/span><span data-contrast=\"auto\">\u00a0Grand-Marnier en dessert. Choisissez un bon vin pour accompagner le tout et votre soir\u00e9e sera parfaite!<\/span><span data-ccp-props=\"{&quot;201341983&quot;:0,&quot;335559739&quot;:160,&quot;335559740&quot;:259}\">\u00a0<\/span><\/p>\n<h3><a href=\"https:\/\/www.ebookers.ch\/Ollon-Hotels-Les-Mazots-Du-Clos.h42368978.Hotel-Beschreibung\"><b><span data-contrast=\"auto\">Les Mazots du Clos, Villars<\/span><\/b><span data-ccp-props=\"{&quot;201341983&quot;:0,&quot;335559739&quot;:160,&quot;335559740&quot;:259}\">\u00a0<\/span><\/a><\/h3>\n<p><img loading=\"lazy\" decoding=\"async\" class=\"alignnone wp-image-21012 size-full\" src=\"https:\/\/www.ebookers.ch\/blog-voyage\/wp-content\/uploads\/2021\/02\/Les-Mazots-du-Clos.jpg\" alt=\"\" width=\"1608\" height=\"1078\" srcset=\"https:\/\/www.ebookers.ch\/blog-voyage\/wp-content\/uploads\/2021\/02\/Les-Mazots-du-Clos.jpg 1608w, https:\/\/www.ebookers.ch\/blog-voyage\/wp-content\/uploads\/2021\/02\/Les-Mazots-du-Clos-450x302.jpg 450w, https:\/\/www.ebookers.ch\/blog-voyage\/wp-content\/uploads\/2021\/02\/Les-Mazots-du-Clos-1024x686.jpg 1024w, https:\/\/www.ebookers.ch\/blog-voyage\/wp-content\/uploads\/2021\/02\/Les-Mazots-du-Clos-768x515.jpg 768w, https:\/\/www.ebookers.ch\/blog-voyage\/wp-content\/uploads\/2021\/02\/Les-Mazots-du-Clos-1536x1030.jpg 1536w, https:\/\/www.ebookers.ch\/blog-voyage\/wp-content\/uploads\/2021\/02\/Les-Mazots-du-Clos-507x340.jpg 507w\" sizes=\"auto, (max-width: 1608px) 100vw, 1608px\" \/><\/p>\n<p><span data-contrast=\"auto\">Les Mazots du Clos est un lieu bucolique \u00e0 1300<\/span><span data-contrast=\"auto\">\u202f<\/span><span data-contrast=\"auto\">m\u00e8tres d\u2019altitude. Avec sa terrasse ensoleill\u00e9e surplombant la vall\u00e9e du Rh\u00f4ne, l\u2019h\u00f4tel est un berceau atypique de bien-\u00eatre, de d\u00e9couverte et de convivialit\u00e9. Les mazots sont des petits chalets individuels abritant de chaleureuses chambres et suites individuelles. La pr\u00e9dominance du bois invite \u00e0 la d\u00e9tente et rappelle les chalets typiques des montagnes suisses. L\u2019impressionnant spa offre une atmosph\u00e8re intime\u00a0<\/span><span data-contrast=\"auto\">avec un<\/span><span data-contrast=\"auto\">\u00a0sauna ext\u00e9rieur traditionnel,\u00a0<\/span><span data-contrast=\"auto\">un\u00a0<\/span><span data-contrast=\"auto\">hammam,\u00a0<\/span><span data-contrast=\"auto\">un bain \u00e0 remous<\/span><span data-contrast=\"auto\">\u00a0<\/span><span data-contrast=\"auto\">et une<\/span><span data-contrast=\"auto\">\u00a0belle piscine ext\u00e9rieure chauff\u00e9e<\/span><span data-contrast=\"auto\">.<\/span><span data-contrast=\"auto\">\u00a0Le restaurant Saskia\u2019s Kitchen propose d\u2019exquis mets locaux et internationaux, pr\u00e9par\u00e9s avec passion et amour. Vous vous sentirez comme un membre de la petite famille des Mazots du Clos!<\/span><span data-ccp-props=\"{&quot;201341983&quot;:0,&quot;335559739&quot;:160,&quot;335559740&quot;:259}\">\u00a0<\/span><\/p>\n<h3><a href=\"https:\/\/www.ebookers.ch\/Neuchatel-Hotels-Beau-Rivage-Hotel.h7458.Hotel-Beschreibung\"><b><span data-contrast=\"auto\">Beau-R<\/span><\/b><b><span data-contrast=\"auto\">i<\/span><\/b><b><span data-contrast=\"auto\">vage H<\/span><\/b><b><span data-contrast=\"auto\">o<\/span><\/b><b><span data-contrast=\"auto\">tel, Neuch\u00e2tel<\/span><\/b><span data-ccp-props=\"{&quot;201341983&quot;:0,&quot;335559739&quot;:160,&quot;335559740&quot;:259}\">\u00a0<\/span><\/a><\/h3>\n<p><img loading=\"lazy\" decoding=\"async\" class=\"alignnone wp-image-21006 size-full\" src=\"https:\/\/www.ebookers.ch\/blog-voyage\/wp-content\/uploads\/2021\/02\/Beau-Rivage-Hotel-Neucha\u0302tel-.jpg\" alt=\"\" width=\"1612\" height=\"1072\" srcset=\"https:\/\/www.ebookers.ch\/blog-voyage\/wp-content\/uploads\/2021\/02\/Beau-Rivage-Hotel-Neucha\u0302tel-.jpg 1612w, https:\/\/www.ebookers.ch\/blog-voyage\/wp-content\/uploads\/2021\/02\/Beau-Rivage-Hotel-Neucha\u0302tel--450x299.jpg 450w, https:\/\/www.ebookers.ch\/blog-voyage\/wp-content\/uploads\/2021\/02\/Beau-Rivage-Hotel-Neucha\u0302tel--1024x681.jpg 1024w, https:\/\/www.ebookers.ch\/blog-voyage\/wp-content\/uploads\/2021\/02\/Beau-Rivage-Hotel-Neucha\u0302tel--768x511.jpg 768w, https:\/\/www.ebookers.ch\/blog-voyage\/wp-content\/uploads\/2021\/02\/Beau-Rivage-Hotel-Neucha\u0302tel--1536x1021.jpg 1536w, https:\/\/www.ebookers.ch\/blog-voyage\/wp-content\/uploads\/2021\/02\/Beau-Rivage-Hotel-Neucha\u0302tel--511x340.jpg 511w\" sizes=\"auto, (max-width: 1612px) 100vw, 1612px\" \/><\/p>\n<p><span data-contrast=\"auto\">D\u00e9couvrez le luxe et le confort d\u2019un h\u00f4tel\u00a0<\/span><span data-contrast=\"auto\">avec spa\u00a0<\/span><span data-contrast=\"auto\">5<\/span><span data-contrast=\"auto\">\u202f<\/span><span data-contrast=\"auto\">\u00e9toiles<\/span><span data-contrast=\"auto\">\u00a0<\/span><span data-contrast=\"auto\">\u00e0 quelques pas du centre historique de Neuch\u00e2tel<\/span><span data-contrast=\"auto\">. Les 66<\/span><span data-contrast=\"auto\">\u202f<\/span><span data-contrast=\"auto\">chambres et suites sont d\u00e9cor\u00e9es dans un style moderne \u00e9pur\u00e9 et\u00a0<\/span><span data-contrast=\"auto\">la<\/span><span data-contrast=\"auto\">\u00a0majorit\u00e9 sont \u00e9quip\u00e9es d\u2019un spacieux balcon offrant une somptueuse vue sur le lac de Neuch\u00e2tel et les Alpes. Si vous\u00a0<\/span><span data-contrast=\"auto\">souhaitez c\u00e9l\u00e9brer un \u00e9v\u00e8nement\u00a0<\/span><span data-contrast=\"auto\">en couple<\/span><span data-contrast=\"auto\">,<\/span><span data-contrast=\"auto\">\u00a0ne\u00a0<\/span><span data-contrast=\"auto\">manquez pas<\/span><span data-contrast=\"auto\">\u00a0<\/span><span data-contrast=\"auto\">de r\u00e9server la suite priv\u00e9e avec hammam au centre\u00a0<\/span><span data-contrast=\"auto\">de\u00a0<\/span><span data-contrast=\"auto\">bien-\u00eatre de l\u2019h\u00f4tel!<\/span><span data-contrast=\"auto\">\u00a0Pour couronner\u00a0<\/span><span data-contrast=\"auto\">votre journ\u00e9e<\/span><span data-contrast=\"auto\">,<\/span><span data-contrast=\"auto\">\u00a0<\/span><span data-contrast=\"auto\">l<\/span><span data-contrast=\"auto\">e\u00a0<\/span><span data-contrast=\"auto\">restaurant O\u2019Terroirs\u00a0<\/span><span data-contrast=\"auto\">vous accueille\u00a0<\/span><span data-contrast=\"auto\">d<\/span><span data-contrast=\"auto\">ans une atmosph\u00e8re d\u00e9tendue et\u00a0<\/span><span data-contrast=\"auto\">un<\/span><span data-contrast=\"auto\">\u00a0d\u00e9cor<\/span><span data-contrast=\"auto\">\u00a0<\/span><span data-contrast=\"auto\">contemporai<\/span><span data-contrast=\"auto\">n p<\/span><span data-contrast=\"auto\">our une exp\u00e9rience culinaire inoubliable<\/span><span data-contrast=\"auto\">\u00a0avec<\/span><span data-contrast=\"auto\">\u00a0<\/span><span data-contrast=\"auto\">l<\/span><span data-contrast=\"auto\">e<\/span><span data-contrast=\"auto\">\u00a0menu d\u00e9gustation compos\u00e9<\/span><span data-contrast=\"auto\">\u00a0<\/span><span data-contrast=\"auto\">de 3<\/span><span data-contrast=\"auto\">\u202f<\/span><span data-contrast=\"auto\">entr\u00e9es, un plat et deux desserts.<\/span><span data-ccp-props=\"{&quot;201341983&quot;:0,&quot;335559739&quot;:160,&quot;335559740&quot;:259}\">\u00a0<\/span><\/p>\n<h3><a href=\"https:\/\/www.ebookers.ch\/Geneva-Hotels-The-Ritz-Carlton.h22672.Hotel-Beschreibung\"><b><span data-contrast=\"none\">The Ritz-Carlton H\u00f4tel de la Paix, Gen\u00e8ve<\/span><\/b><span data-ccp-props=\"{&quot;134233117&quot;:true,&quot;134233118&quot;:true,&quot;201341983&quot;:2,&quot;335559740&quot;:235}\">\u00a0<\/span><\/a><\/h3>\n<p><img loading=\"lazy\" decoding=\"async\" class=\"alignnone wp-image-21014 size-full\" src=\"https:\/\/www.ebookers.ch\/blog-voyage\/wp-content\/uploads\/2021\/02\/The-Ritz-Carlton-Ho\u0302tel-de-la-Paix-Gene\u0300ve-.jpg\" alt=\"\" width=\"1610\" height=\"1070\" srcset=\"https:\/\/www.ebookers.ch\/blog-voyage\/wp-content\/uploads\/2021\/02\/The-Ritz-Carlton-Ho\u0302tel-de-la-Paix-Gene\u0300ve-.jpg 1610w, https:\/\/www.ebookers.ch\/blog-voyage\/wp-content\/uploads\/2021\/02\/The-Ritz-Carlton-Ho\u0302tel-de-la-Paix-Gene\u0300ve--450x299.jpg 450w, https:\/\/www.ebookers.ch\/blog-voyage\/wp-content\/uploads\/2021\/02\/The-Ritz-Carlton-Ho\u0302tel-de-la-Paix-Gene\u0300ve--1024x681.jpg 1024w, https:\/\/www.ebookers.ch\/blog-voyage\/wp-content\/uploads\/2021\/02\/The-Ritz-Carlton-Ho\u0302tel-de-la-Paix-Gene\u0300ve--768x510.jpg 768w, https:\/\/www.ebookers.ch\/blog-voyage\/wp-content\/uploads\/2021\/02\/The-Ritz-Carlton-Ho\u0302tel-de-la-Paix-Gene\u0300ve--1536x1021.jpg 1536w, https:\/\/www.ebookers.ch\/blog-voyage\/wp-content\/uploads\/2021\/02\/The-Ritz-Carlton-Ho\u0302tel-de-la-Paix-Gene\u0300ve--512x340.jpg 512w\" sizes=\"auto, (max-width: 1610px) 100vw, 1610px\" \/><\/p>\n<p><span data-contrast=\"none\">Id\u00e9alement situ\u00e9 en plein centre de Gen\u00e8ve sur les rives du lac L\u00e9man, le Ritz-Carlton H<\/span><span data-contrast=\"none\">\u00f4<\/span><span data-contrast=\"none\">tel de la Paix est un \u00e9tablissement historique de la cit\u00e9 de Calvin. Les chambres au design moderne et \u00e9l\u00e9gant sont dot\u00e9es d\u2019une literie de haute qualit\u00e9 et offrent toutes une vue exceptionnelle sur le lac, le Mont-Blanc et le mythique Jet d\u2019Eau de Gen\u00e8ve. Le restaurant \u00e9toil\u00e9 Fiskebar accueille les convives dans un cadre informel et amical avec une vue sur la cuisine ouverte. La cheffe Francesca Fucci propose une gastronomie nordique raffin\u00e9e et am\u00e9lior\u00e9e de techniques culinaires exp\u00e9rimentales. Laissez-vous tenter par le menu Exp\u00e9rience Nordique pour une explosion de saveurs scandinaves<\/span><span data-contrast=\"none\">\u202f:<\/span><span data-contrast=\"none\">\u00a0vous d\u00e9couvrirez des plats atypiques tels que le Hangikj\u00f6t, un magret de canard s\u00e9ch\u00e9 accompagn\u00e9 de betteraves.<\/span><span data-ccp-props=\"{&quot;134233117&quot;:true,&quot;134233118&quot;:true,&quot;201341983&quot;:2,&quot;335559740&quot;:235}\">\u00a0<\/span><\/p>\n<h3><a href=\"https:\/\/www.ebookers.ch\/Lucerne-Hotels-Grand-Hotel-National.h1078913.Hotel-Beschreibung\"><b><span data-contrast=\"auto\">Grand Hotel National, Lucerne<\/span><\/b><span data-ccp-props=\"{&quot;201341983&quot;:0,&quot;335559739&quot;:160,&quot;335559740&quot;:259}\">\u00a0<\/span><\/a><\/h3>\n<p><img loading=\"lazy\" decoding=\"async\" class=\"alignnone wp-image-21007 size-full\" src=\"https:\/\/www.ebookers.ch\/blog-voyage\/wp-content\/uploads\/2021\/02\/Grand-Hotel-National-Lucerne-.jpg\" alt=\"\" width=\"1608\" height=\"1076\" srcset=\"https:\/\/www.ebookers.ch\/blog-voyage\/wp-content\/uploads\/2021\/02\/Grand-Hotel-National-Lucerne-.jpg 1608w, https:\/\/www.ebookers.ch\/blog-voyage\/wp-content\/uploads\/2021\/02\/Grand-Hotel-National-Lucerne--450x301.jpg 450w, https:\/\/www.ebookers.ch\/blog-voyage\/wp-content\/uploads\/2021\/02\/Grand-Hotel-National-Lucerne--1024x685.jpg 1024w, https:\/\/www.ebookers.ch\/blog-voyage\/wp-content\/uploads\/2021\/02\/Grand-Hotel-National-Lucerne--768x514.jpg 768w, https:\/\/www.ebookers.ch\/blog-voyage\/wp-content\/uploads\/2021\/02\/Grand-Hotel-National-Lucerne--1536x1028.jpg 1536w, https:\/\/www.ebookers.ch\/blog-voyage\/wp-content\/uploads\/2021\/02\/Grand-Hotel-National-Lucerne--508x340.jpg 508w\" sizes=\"auto, (max-width: 1608px) 100vw, 1608px\" \/><\/p>\n<p><span data-contrast=\"auto\">Sur les rives du lac des Quatre-Cantons en plein c\u0153ur de Lucerne, le Grand Hotel National est un \u00e9tablissement de prestige fond\u00e9 il y a 150<\/span><span data-contrast=\"auto\">\u202f<\/span><span data-contrast=\"auto\">ans par les c\u00e9l\u00e8bres C\u00e9sar Ritz et Auguste Escoffier, v\u00e9ritables l\u00e9gendes de l\u2019hospitalit\u00e9 et de la gastronomie. Les chambres et suites avec vue sur le lac ou sur la vibrante ville de Lucerne sont d\u00e9cor\u00e9es dans le style Empire avec une remarquable attention au d\u00e9tail. Les influences du<\/span><span data-contrast=\"auto\">\u00a0XIX<\/span><span data-contrast=\"auto\">e si\u00e8cle se marient \u00e9l\u00e9gamment avec les installations modernes des chambres aux salles de bains en marbre italien, tapis cousus main et parquet en bois noble. Cette excellence se retrouve au Restaurant National o\u00f9 vous serez envo\u00fbt\u00e9 par la finesse des plats gastronomiques \u00e0 base d\u2019aliments et de produits de la r\u00e9gion.\u00a0<\/span><span data-contrast=\"auto\">\u00c0<\/span><span data-contrast=\"auto\">\u00a0la belle saison, installez-vous \u00e0 la terrasse du bistrot proche de la promenade et du lac pour un repas l\u00e9ger.<\/span><span data-ccp-props=\"{&quot;201341983&quot;:0,&quot;335559739&quot;:160,&quot;335559740&quot;:259}\">\u00a0<\/span><\/p>\n<h3><a href=\"https:\/\/www.ebookers.ch\/Bern-Hotels-Unique-Hotel-Innere-Enge.h27186374.Hotel-Beschreibung\"><b><span data-contrast=\"auto\">Unique Hotel Innere Enge, Berne<\/span><\/b><span data-ccp-props=\"{&quot;201341983&quot;:0,&quot;335559739&quot;:160,&quot;335559740&quot;:259}\">\u00a0<\/span><\/a><\/h3>\n<p><img loading=\"lazy\" decoding=\"async\" class=\"alignnone wp-image-21015 size-full\" src=\"https:\/\/www.ebookers.ch\/blog-voyage\/wp-content\/uploads\/2021\/02\/Unique-Hotel-Innere-Enge-Berne-.jpg\" alt=\"\" width=\"1614\" height=\"1074\" srcset=\"https:\/\/www.ebookers.ch\/blog-voyage\/wp-content\/uploads\/2021\/02\/Unique-Hotel-Innere-Enge-Berne-.jpg 1614w, https:\/\/www.ebookers.ch\/blog-voyage\/wp-content\/uploads\/2021\/02\/Unique-Hotel-Innere-Enge-Berne--450x299.jpg 450w, https:\/\/www.ebookers.ch\/blog-voyage\/wp-content\/uploads\/2021\/02\/Unique-Hotel-Innere-Enge-Berne--1024x681.jpg 1024w, https:\/\/www.ebookers.ch\/blog-voyage\/wp-content\/uploads\/2021\/02\/Unique-Hotel-Innere-Enge-Berne--768x511.jpg 768w, https:\/\/www.ebookers.ch\/blog-voyage\/wp-content\/uploads\/2021\/02\/Unique-Hotel-Innere-Enge-Berne--1536x1022.jpg 1536w, https:\/\/www.ebookers.ch\/blog-voyage\/wp-content\/uploads\/2021\/02\/Unique-Hotel-Innere-Enge-Berne--511x340.jpg 511w\" sizes=\"auto, (max-width: 1614px) 100vw, 1614px\" \/><\/p>\n<p><span data-contrast=\"auto\">Ce charmant h\u00f4tel d\u00e9cor\u00e9 avec beaucoup de go\u00fbt vous plonge dans une ambiance musicale<\/span><span data-contrast=\"auto\">\u00a0jazzy<\/span><span data-contrast=\"auto\">. Son magnifique jardin et sa position surplombant Berne invite<\/span><span data-contrast=\"auto\">nt<\/span><span data-contrast=\"auto\">\u00a0<\/span><span data-contrast=\"auto\">\u00e0 la<\/span><span data-contrast=\"auto\">\u00a0d\u00e9ten<\/span><span data-contrast=\"auto\">t<\/span><span data-contrast=\"auto\">e\u00a0<\/span><span data-contrast=\"auto\">gr\u00e2ce \u00e0 une\u00a0<\/span><span data-contrast=\"auto\">vue\u00a0<\/span><span data-contrast=\"auto\">imprenable\u00a0<\/span><span data-contrast=\"auto\">sur la capitale helv\u00e9tique et les montagnes environnantes. Les chambres et suites\u00a0<\/span><span data-contrast=\"auto\">sont\u00a0<\/span><span data-contrast=\"auto\">confortables<\/span><span data-contrast=\"auto\">\u00a0et lumineuses, la pr\u00e9sence de poutres apparentes et le mobilier raffin\u00e9 vous plonger<\/span><span data-contrast=\"auto\">ont<\/span><span data-contrast=\"auto\">\u00a0dans une ambiance chaleureuse. Certaines chambres sont m\u00eames d\u00e9cor\u00e9es avec des souvenirs autographi\u00e9s de musiciens iconiques du jazz! L<\/span><span data-contrast=\"auto\">\u2019\u00e9l\u00e9gante\u00a0<\/span><span data-contrast=\"auto\">brasserie Jos<\/span><span data-contrast=\"auto\">\u00e9<\/span><span data-contrast=\"auto\">phine propose de d\u00e9licieux mets saisonniers concoct\u00e9s \u00e0 partir d\u2019ingr\u00e9dients r\u00e9gionaux. Les beaux jours<\/span><span data-contrast=\"auto\">,<\/span><span data-contrast=\"auto\">\u00a0vous aurez\u00a0<\/span><span data-contrast=\"auto\">la possibilit\u00e9<\/span><span data-contrast=\"auto\">\u00a0de d\u00e9guster un app\u00e9tissant menu sur la terrasse ensoleill\u00e9e de l\u2019h\u00f4tel.\u00a0<\/span><span data-contrast=\"auto\">En hiver<\/span><span data-contrast=\"auto\">, ne manquez\u00a0<\/span><span data-contrast=\"auto\">pas l<\/span><span data-contrast=\"auto\">\u2019exp\u00e9rience atypique de manger une fondue\u00a0<\/span><span data-contrast=\"auto\">dans une\u00a0<\/span><span data-contrast=\"auto\">yo<\/span><span data-contrast=\"auto\">urte install\u00e9e dans le jardin!<\/span><span data-ccp-props=\"{&quot;201341983&quot;:0,&quot;335559739&quot;:160,&quot;335559740&quot;:259}\">\u00a0<\/span><\/p>\n<h3><a href=\"https:\/\/www.ebookers.ch\/Geneva-Hotels-La-Reserve-Geneve-Hotel-And-Spa.h410.Hotel-Beschreibung\"><b><span data-contrast=\"auto\">La R\u00e9serve Gen\u00e8ve Hotel, Spa and Villa<\/span><\/b><span data-ccp-props=\"{&quot;201341983&quot;:0,&quot;335559739&quot;:160,&quot;335559740&quot;:259}\">\u00a0<\/span><\/a><\/h3>\n<p><img loading=\"lazy\" decoding=\"async\" class=\"alignnone wp-image-21011 size-full\" src=\"https:\/\/www.ebookers.ch\/blog-voyage\/wp-content\/uploads\/2021\/02\/La-Re\u0301serve-Gene\u0300ve-Hotel-Spa-and-Villa-.jpg\" alt=\"\" width=\"1616\" height=\"1088\" srcset=\"https:\/\/www.ebookers.ch\/blog-voyage\/wp-content\/uploads\/2021\/02\/La-Re\u0301serve-Gene\u0300ve-Hotel-Spa-and-Villa-.jpg 1616w, https:\/\/www.ebookers.ch\/blog-voyage\/wp-content\/uploads\/2021\/02\/La-Re\u0301serve-Gene\u0300ve-Hotel-Spa-and-Villa--450x303.jpg 450w, https:\/\/www.ebookers.ch\/blog-voyage\/wp-content\/uploads\/2021\/02\/La-Re\u0301serve-Gene\u0300ve-Hotel-Spa-and-Villa--1024x689.jpg 1024w, https:\/\/www.ebookers.ch\/blog-voyage\/wp-content\/uploads\/2021\/02\/La-Re\u0301serve-Gene\u0300ve-Hotel-Spa-and-Villa--768x517.jpg 768w, https:\/\/www.ebookers.ch\/blog-voyage\/wp-content\/uploads\/2021\/02\/La-Re\u0301serve-Gene\u0300ve-Hotel-Spa-and-Villa--1536x1034.jpg 1536w, https:\/\/www.ebookers.ch\/blog-voyage\/wp-content\/uploads\/2021\/02\/La-Re\u0301serve-Gene\u0300ve-Hotel-Spa-and-Villa--505x340.jpg 505w\" sizes=\"auto, (max-width: 1616px) 100vw, 1616px\" \/><\/p>\n<p><span data-contrast=\"auto\">D\u00e9couvrez<\/span><span data-contrast=\"auto\">\u00a0<\/span><span data-contrast=\"auto\">une autre vision du luxe dans ce somptueux h\u00f4tel avec spa et piscine int\u00e9rieure. La R\u00e9serve Gen\u00e8ve se veut luxueux sans \u00eatre ostentatoire. Ici, l\u2019intimit\u00e9, le raffinement et la pr\u00e9sence attentive du personnel sont pr\u00e9pond\u00e9rants. Les 29<\/span><span data-contrast=\"auto\">\u202f<\/span><span data-contrast=\"auto\">suites et 73<\/span><span data-contrast=\"auto\">\u202f<\/span><span data-contrast=\"auto\">chambres de la R\u00e9serve Gen\u00e8ve sont d\u00e9cor\u00e9es dans un style raffin\u00e9 rappelant celui des lodges africains. Les convives sont invit\u00e9s \u00e0 la r\u00eaverie et au voyage, vous en oublierez presque que vous \u00eates \u00e0 Gen\u00e8ve! L\u2019impressionnant spa Nescens\u00a0<\/span><span data-contrast=\"auto\">vous propose<\/span><span data-contrast=\"auto\">\u00a0une synergie unique entre soins, nutrition et activit\u00e9s physiques pour une remise en forme int\u00e9grale<\/span><span data-contrast=\"auto\">.<\/span><span data-contrast=\"auto\">\u00a0Les<\/span><span data-contrast=\"auto\">\u00a0<\/span><span data-contrast=\"auto\">restaurants haut de gamme de\u00a0<\/span><span data-contrast=\"auto\">l\u2019h\u00f4tel raviront<\/span><span data-contrast=\"auto\">\u00a0vos papilles et combler<\/span><span data-contrast=\"auto\">ont<\/span><span data-contrast=\"auto\">\u00a0vos envies.\u00a0<\/span><span data-contrast=\"auto\">Le Loti affiche une carte sophistiqu\u00e9e\u00a0<\/span><span data-contrast=\"auto\">aux<\/span><span data-contrast=\"auto\">\u00a0saveurs et traditions du monde entier. Le Ts\u00e9 Fung propose une exp\u00e9rience\u00a0<\/span><span data-contrast=\"auto\">gastronomique chinoise alors que le Caf\u00e9 Laurent vous invite \u00e0 la d\u00e9tente avec des plats\u00a0<\/span><span data-contrast=\"auto\">di\u00e9t\u00e9tiques\u00a0<\/span><span data-contrast=\"auto\">en\u00a0<\/span><span data-contrast=\"auto\">symbiose<\/span><span data-contrast=\"auto\">\u00a0avec les soins du spa.<\/span><span data-ccp-props=\"{&quot;201341983&quot;:0,&quot;335559739&quot;:160,&quot;335559740&quot;:259}\">\u00a0<\/span><\/p>\n<h3><a href=\"https:\/\/www.ebookers.ch\/Lausanne-Hotels-Hotel-Angleterre-And-Residence.h445232.Hotel-Beschreibung\"><b><span data-contrast=\"auto\">H\u00f4tel Angleterre &amp; R\u00e9sidence, Lausanne<\/span><\/b><span data-ccp-props=\"{&quot;201341983&quot;:0,&quot;335559739&quot;:160,&quot;335559740&quot;:259}\">\u00a0<\/span><\/a><\/h3>\n<p><img loading=\"lazy\" decoding=\"async\" class=\"alignnone wp-image-21008 size-full\" src=\"https:\/\/www.ebookers.ch\/blog-voyage\/wp-content\/uploads\/2021\/02\/Hotel-Angleterre-And-Residence.jpg\" alt=\"\" width=\"1534\" height=\"1082\" srcset=\"https:\/\/www.ebookers.ch\/blog-voyage\/wp-content\/uploads\/2021\/02\/Hotel-Angleterre-And-Residence.jpg 1534w, https:\/\/www.ebookers.ch\/blog-voyage\/wp-content\/uploads\/2021\/02\/Hotel-Angleterre-And-Residence-450x317.jpg 450w, https:\/\/www.ebookers.ch\/blog-voyage\/wp-content\/uploads\/2021\/02\/Hotel-Angleterre-And-Residence-1024x722.jpg 1024w, https:\/\/www.ebookers.ch\/blog-voyage\/wp-content\/uploads\/2021\/02\/Hotel-Angleterre-And-Residence-768x542.jpg 768w, https:\/\/www.ebookers.ch\/blog-voyage\/wp-content\/uploads\/2021\/02\/Hotel-Angleterre-And-Residence-482x340.jpg 482w\" sizes=\"auto, (max-width: 1534px) 100vw, 1534px\" \/><\/p>\n<p><span data-contrast=\"auto\">L\u2019Angleterre &amp; R\u00e9sidence\u00a0<\/span><span data-contrast=\"auto\">est un magnifique h\u00f4tel 4<\/span><span data-contrast=\"auto\">\u202f<\/span><span data-contrast=\"auto\">\u00e9toiles avec spa accueillant les voyageurs depuis le\u00a0<\/span><span data-contrast=\"auto\">XVIIIe\u202f<\/span><span data-contrast=\"auto\">si\u00e8cle dans un cadre de s\u00e9r\u00e9nit\u00e9 et de qui\u00e9tude.\u00a0<\/span><span data-contrast=\"auto\">L<\/span><span data-contrast=\"auto\">\u2019architecture<\/span><span data-contrast=\"auto\">\u00a0aux allures de cottage anglais\u00a0<\/span><span data-contrast=\"auto\">de l\u2019h\u00f4tel marie \u00e9l\u00e9gamment<\/span><span data-contrast=\"auto\">\u00a0<\/span><span data-contrast=\"auto\">tradition et modernit\u00e9 avec un sublime jardin. Les 75<\/span><span data-contrast=\"auto\">\u202f<\/span><span data-contrast=\"auto\">chambres et suites r\u00e9parties dans quatre b\u00e2timents au style\u00a0<\/span><span data-contrast=\"auto\">distinct offrent<\/span><span data-contrast=\"auto\">\u00a0toutes un confort chaleureux haut de gamme.\u00a0<\/span><span data-contrast=\"auto\">Voyagez\u00a0<\/span><span data-contrast=\"auto\">en Italie gr\u00e2ce \u00e0\u00a0<\/span><span data-contrast=\"auto\">un d\u00e9licieux repas au restaurant l\u2019Accademia dans une atmosph\u00e8re d<\/span><span data-contrast=\"auto\">ouce\u00a0<\/span><span data-contrast=\"auto\">et agr\u00e9able avec un personnel essentiellement italie<\/span><span data-contrast=\"auto\">n<\/span><span data-contrast=\"auto\">! Le\u00a0<\/span><span data-contrast=\"auto\">c<\/span><span data-contrast=\"auto\">hef Andrea Gaia vous\u00a0<\/span><span data-contrast=\"auto\">accueille<\/span><span data-contrast=\"auto\">\u00a0pour une d\u00e9gustation de mets traditionnels accompagn\u00e9s d\u2019une magnifique s\u00e9lection de vins italiens<\/span><span data-contrast=\"auto\">.<\/span><span data-contrast=\"auto\">\u00a0Le restaurant organise\u00a0<\/span><span data-contrast=\"auto\">\u00e9galement<\/span><span data-contrast=\"auto\">\u00a0des soir\u00e9es th\u00e9matiques autour d\u2019un vignoble ou d\u2019un aliment raffin\u00e9 tel que la truffe ou le bolet.<\/span><span data-ccp-props=\"{&quot;201341983&quot;:0,&quot;335559739&quot;:160,&quot;335559740&quot;:259}\">\u00a0<\/span><\/p>\n<h3><a href=\"https:\/\/www.ebookers.ch\/Saas-Fee-Hotels-The-Capra-Saas-Fee.h9550105.Hotel-Beschreibung\"><b><span data-contrast=\"auto\">The Capra, Saas-Fee<\/span><\/b><span data-ccp-props=\"{&quot;201341983&quot;:0,&quot;335559739&quot;:160,&quot;335559740&quot;:259}\">\u00a0<\/span><\/a><\/h3>\n<p><img loading=\"lazy\" decoding=\"async\" class=\"alignnone wp-image-21013 size-full\" src=\"https:\/\/www.ebookers.ch\/blog-voyage\/wp-content\/uploads\/2021\/02\/The-Capra-Saas-Fee-.jpg\" alt=\"\" width=\"1612\" height=\"1074\" srcset=\"https:\/\/www.ebookers.ch\/blog-voyage\/wp-content\/uploads\/2021\/02\/The-Capra-Saas-Fee-.jpg 1612w, https:\/\/www.ebookers.ch\/blog-voyage\/wp-content\/uploads\/2021\/02\/The-Capra-Saas-Fee--450x300.jpg 450w, https:\/\/www.ebookers.ch\/blog-voyage\/wp-content\/uploads\/2021\/02\/The-Capra-Saas-Fee--1024x682.jpg 1024w, https:\/\/www.ebookers.ch\/blog-voyage\/wp-content\/uploads\/2021\/02\/The-Capra-Saas-Fee--768x512.jpg 768w, https:\/\/www.ebookers.ch\/blog-voyage\/wp-content\/uploads\/2021\/02\/The-Capra-Saas-Fee--1536x1023.jpg 1536w, https:\/\/www.ebookers.ch\/blog-voyage\/wp-content\/uploads\/2021\/02\/The-Capra-Saas-Fee--510x340.jpg 510w\" sizes=\"auto, (max-width: 1612px) 100vw, 1612px\" \/><\/p>\n<p><span data-contrast=\"auto\">Cet h\u00f4tel<\/span><span data-contrast=\"auto\">\u00a0alpin<\/span><span data-contrast=\"auto\">\u00a05<\/span><span data-contrast=\"auto\">\u202f<\/span><span data-contrast=\"auto\">\u00e9toiles avec spa<\/span><span data-contrast=\"auto\">\u00a0et piscine int\u00e9rieure est un v\u00e9ritable havre de qui\u00e9tude et de paix.\u00a0<\/span><span data-contrast=\"auto\">The Capra<\/span><span data-contrast=\"auto\">,\u00a0<\/span><span data-contrast=\"auto\">d\u2019une \u00e9l\u00e9gance remarquable gr\u00e2ce \u00e0 l<\/span><span data-contrast=\"auto\">a<\/span><span data-contrast=\"auto\">\u00a0pr\u00e9pond\u00e9ran<\/span><span data-contrast=\"auto\">c<\/span><span data-contrast=\"auto\">e du\u00a0<\/span><span data-contrast=\"auto\">bois<\/span><span data-contrast=\"auto\">,<\/span><span data-contrast=\"auto\">\u00a0pr\u00e9sente<\/span><span data-contrast=\"auto\">\u00a0<\/span><span data-contrast=\"auto\">une ambiance douillette qui invite \u00e0\u00a0<\/span><span data-contrast=\"auto\">la d\u00e9tente\u00a0<\/span><span data-contrast=\"auto\">au coin du feu. Avec seulement 24<\/span><span data-contrast=\"auto\">\u202f<\/span><span data-contrast=\"auto\">chambres et suites,<\/span><span data-contrast=\"auto\">\u00a0<\/span><span data-contrast=\"auto\">l\u2019h\u00f4tel\u00a0<\/span><span data-contrast=\"auto\">d\u00e9gage une atmosph\u00e8re intime et\u00a0<\/span><span data-contrast=\"auto\">vous vous<\/span><span data-contrast=\"auto\">\u00a0y<\/span><span data-contrast=\"auto\">\u00a0sent<\/span><span data-contrast=\"auto\">ez\u00a0<\/span><span data-contrast=\"auto\">aussi bien qu\u2019\u00e0 la maison. Chaque chambre et suite\u00a0<\/span><span data-contrast=\"auto\">donne\u00a0<\/span><span data-contrast=\"auto\">acc\u00e8s \u00e0 un balcon offrant un panorama \u00e9poustouflant sur les sommets enneig\u00e9s de la r\u00e9gion. Le restaurant The Capra\u00a0<\/span><span data-contrast=\"auto\">d\u00e9fend<\/span><span data-contrast=\"auto\">\u00a0une philosophie \u00ab\u202fde la ferme \u00e0 la table\u202f\u00bb et propose d\u2019app\u00e9tissants menus saisonniers\u00a0<\/span><span data-contrast=\"auto\">\u00e0<\/span><span data-contrast=\"auto\">\u00a05<\/span><span data-contrast=\"auto\">\u202f<\/span><span data-contrast=\"auto\">plats, accompagn\u00e9s de vins suisses soigneusement s\u00e9lectionn\u00e9s par le sommelier. Les plats sont imagin\u00e9s \u00e0 partir de produits frais de la r\u00e9gion des Alpes suisses et s\u2019inscrivent dans une optique de d\u00e9veloppement durable et local.<\/span><span data-ccp-props=\"{&quot;201341983&quot;:0,&quot;335559739&quot;:160,&quot;335559740&quot;:259}\">\u00a0<\/span><\/p>\n<p><a href=\"https:\/\/www.ebookers.ch\/fr\/lp\/deals\/voyage-a-deux\/?langid=4108\"><img loading=\"lazy\" decoding=\"async\" class=\"alignnone size-full wp-image-21047\" src=\"https:\/\/www.ebookers.ch\/blog-voyage\/wp-content\/uploads\/2021\/02\/Screenshot-2021-02-17-at-12.29.33.jpg\" alt=\"\" width=\"724\" height=\"406\" srcset=\"https:\/\/www.ebookers.ch\/blog-voyage\/wp-content\/uploads\/2021\/02\/Screenshot-2021-02-17-at-12.29.33.jpg 724w, https:\/\/www.ebookers.ch\/blog-voyage\/wp-content\/uploads\/2021\/02\/Screenshot-2021-02-17-at-12.29.33-450x252.jpg 450w, https:\/\/www.ebookers.ch\/blog-voyage\/wp-content\/uploads\/2021\/02\/Screenshot-2021-02-17-at-12.29.33-560x315.jpg 560w, https:\/\/www.ebookers.ch\/blog-voyage\/wp-content\/uploads\/2021\/02\/Screenshot-2021-02-17-at-12.29.33-606x340.jpg 606w\" sizes=\"auto, (max-width: 724px) 100vw, 724px\" \/><\/a><\/p>\n","protected":false},"excerpt":{"rendered":"<p>Remarque :\u00a0tous les voyages sont soumis \u00e0 des restrictions gouvernementales susceptibles d\u2019\u00e9voluer fr\u00e9quemment. Veuillez consulter les avis gouvernementaux avant de [&hellip;]<\/p>\n","protected":false},"author":54,"featured_media":21021,"comment_status":"open","ping_status":"open","sticky":false,"template":"","format":"standard","meta":{"footnotes":""},"categories":[2941754,2941661,2923098,2941765],"tags":[],"class_list":["post-21004","post","type-post","status-publish","format-standard","has-post-thumbnail","hentry","category-destinations-2","category-nourriture-et-boissons","category-passion","category-suisse-2"],"acf":{"acf_offers_api_ebookers_destinations":"","api_active":false,"api_title":"","api_excerpt":"","api_featured_image":false,"api_lob":"","background_image":false,"background_image_content":""},"posts_api_cpm_point":"","yoast_head":"<!-- This site is optimized with the Yoast SEO plugin v19.8 - https:\/\/yoast.com\/wordpress\/plugins\/seo\/ -->\n<title>Restaurants avec chambres<\/title>\n<meta name=\"description\" content=\"Pour se reposer et se ressourcer apr\u00e8s une p\u00e9riode difficile, rien de mieux qu\u2019un d\u00e9licieux repas dans un restaurant gastronomique, suivi d\u2019une agr\u00e9able nuit dans un h\u00f4tel de luxe.\" \/>\n<meta name=\"robots\" content=\"index, follow, max-snippet:-1, max-image-preview:large, max-video-preview:-1\" \/>\n<link rel=\"canonical\" href=\"https:\/\/www.ebookers.ch\/blog-voyage\/2021\/02\/08\/restaurants-avec-chambres\/\" \/>\n<meta property=\"og:locale\" content=\"en_US\" \/>\n<meta property=\"og:type\" content=\"article\" \/>\n<meta property=\"og:title\" content=\"Restaurants avec chambres\" \/>\n<meta property=\"og:description\" content=\"Pour se reposer et se ressourcer apr\u00e8s une p\u00e9riode difficile, rien de mieux qu\u2019un d\u00e9licieux repas dans un restaurant gastronomique, suivi d\u2019une agr\u00e9able nuit dans un h\u00f4tel de luxe.\" \/>\n<meta property=\"og:url\" content=\"https:\/\/www.ebookers.ch\/blog-voyage\/2021\/02\/08\/restaurants-avec-chambres\/\" \/>\n<meta property=\"og:site_name\" content=\"Blog de voyage ebookers.ch\" \/>\n<meta property=\"article:published_time\" content=\"2021-02-08T13:24:54+00:00\" \/>\n<meta property=\"article:modified_time\" content=\"2021-05-11T14:37:01+00:00\" \/>\n<meta property=\"og:image\" content=\"https:\/\/www.ebookers.ch\/blog-voyage\/wp-content\/uploads\/2021\/02\/Restaus-with-romms--1230x470.jpg\" \/>\n\t<meta property=\"og:image:width\" content=\"1230\" \/>\n\t<meta property=\"og:image:height\" content=\"470\" \/>\n\t<meta property=\"og:image:type\" content=\"image\/jpeg\" \/>\n<meta name=\"author\" content=\"Clare Kenrick\" \/>\n<meta name=\"twitter:card\" content=\"summary_large_image\" \/>\n<meta name=\"twitter:label1\" content=\"Written by\" \/>\n\t<meta name=\"twitter:data1\" content=\"Clare Kenrick\" \/>\n\t<meta name=\"twitter:label2\" content=\"Est. reading time\" \/>\n\t<meta name=\"twitter:data2\" content=\"8 minutes\" \/>\n<script type=\"application\/ld+json\" class=\"yoast-schema-graph\">{\"@context\":\"https:\/\/schema.org\",\"@graph\":[{\"@type\":\"WebPage\",\"@id\":\"https:\/\/www.ebookers.ch\/blog-voyage\/2021\/02\/08\/restaurants-avec-chambres\/\",\"url\":\"https:\/\/www.ebookers.ch\/blog-voyage\/2021\/02\/08\/restaurants-avec-chambres\/\",\"name\":\"Restaurants avec chambres\",\"isPartOf\":{\"@id\":\"https:\/\/www.ebookers.ch\/blog-voyage\/#website\"},\"datePublished\":\"2021-02-08T13:24:54+00:00\",\"dateModified\":\"2021-05-11T14:37:01+00:00\",\"author\":{\"@id\":\"https:\/\/www.ebookers.ch\/blog-voyage\/#\/schema\/person\/0bd59a11b0b12fef65cde7171aa73179\"},\"description\":\"Pour se reposer et se ressourcer apr\u00e8s une p\u00e9riode difficile, rien de mieux qu\u2019un d\u00e9licieux repas dans un restaurant gastronomique, suivi d\u2019une agr\u00e9able nuit dans un h\u00f4tel de luxe.\",\"breadcrumb\":{\"@id\":\"https:\/\/www.ebookers.ch\/blog-voyage\/2021\/02\/08\/restaurants-avec-chambres\/#breadcrumb\"},\"inLanguage\":\"en-US\",\"potentialAction\":[{\"@type\":\"ReadAction\",\"target\":[\"https:\/\/www.ebookers.ch\/blog-voyage\/2021\/02\/08\/restaurants-avec-chambres\/\"]}]},{\"@type\":\"BreadcrumbList\",\"@id\":\"https:\/\/www.ebookers.ch\/blog-voyage\/2021\/02\/08\/restaurants-avec-chambres\/#breadcrumb\",\"itemListElement\":[{\"@type\":\"ListItem\",\"position\":1,\"name\":\"Accueil\",\"item\":\"https:\/\/www.ebookers.ch\/blog-voyage\/\"},{\"@type\":\"ListItem\",\"position\":2,\"name\":\"Restaurants avec chambres\"}]},{\"@type\":\"WebSite\",\"@id\":\"https:\/\/www.ebookers.ch\/blog-voyage\/#website\",\"url\":\"https:\/\/www.ebookers.ch\/blog-voyage\/\",\"name\":\"Blog de voyage ebookers.ch\",\"description\":\"Actualit\u00e9s, voyages, culture, ebookers, litt\u00e9rature de voyage\",\"potentialAction\":[{\"@type\":\"SearchAction\",\"target\":{\"@type\":\"EntryPoint\",\"urlTemplate\":\"https:\/\/www.ebookers.ch\/blog-voyage\/?s={search_term_string}\"},\"query-input\":\"required name=search_term_string\"}],\"inLanguage\":\"en-US\"},{\"@type\":\"Person\",\"@id\":\"https:\/\/www.ebookers.ch\/blog-voyage\/#\/schema\/person\/0bd59a11b0b12fef65cde7171aa73179\",\"name\":\"Clare Kenrick\",\"image\":{\"@type\":\"ImageObject\",\"inLanguage\":\"en-US\",\"@id\":\"https:\/\/www.ebookers.ch\/blog-voyage\/#\/schema\/person\/image\/\",\"url\":\"https:\/\/secure.gravatar.com\/avatar\/1742eff425f020e4e42d601a47e8de554802358fd231962cea09af6962f73a18?s=96&d=mm&r=g\",\"contentUrl\":\"https:\/\/secure.gravatar.com\/avatar\/1742eff425f020e4e42d601a47e8de554802358fd231962cea09af6962f73a18?s=96&d=mm&r=g\",\"caption\":\"Clare Kenrick\"},\"url\":\"https:\/\/www.ebookers.ch\/blog-voyage\/author\/clare-kenrick\/\"}]}<\/script>\n<!-- \/ Yoast SEO plugin. -->","yoast_head_json":{"title":"Restaurants avec chambres","description":"Pour se reposer et se ressourcer apr\u00e8s une p\u00e9riode difficile, rien de mieux qu\u2019un d\u00e9licieux repas dans un restaurant gastronomique, suivi d\u2019une agr\u00e9able nuit dans un h\u00f4tel de luxe.","robots":{"index":"index","follow":"follow","max-snippet":"max-snippet:-1","max-image-preview":"max-image-preview:large","max-video-preview":"max-video-preview:-1"},"canonical":"https:\/\/www.ebookers.ch\/blog-voyage\/2021\/02\/08\/restaurants-avec-chambres\/","og_locale":"en_US","og_type":"article","og_title":"Restaurants avec chambres","og_description":"Pour se reposer et se ressourcer apr\u00e8s une p\u00e9riode difficile, rien de mieux qu\u2019un d\u00e9licieux repas dans un restaurant gastronomique, suivi d\u2019une agr\u00e9able nuit dans un h\u00f4tel de luxe.","og_url":"https:\/\/www.ebookers.ch\/blog-voyage\/2021\/02\/08\/restaurants-avec-chambres\/","og_site_name":"Blog de voyage ebookers.ch","article_published_time":"2021-02-08T13:24:54+00:00","article_modified_time":"2021-05-11T14:37:01+00:00","og_image":[{"width":1230,"height":470,"url":"https:\/\/www.ebookers.ch\/blog-voyage\/wp-content\/uploads\/2021\/02\/Restaus-with-romms--1230x470.jpg","type":"image\/jpeg"}],"author":"Clare Kenrick","twitter_card":"summary_large_image","twitter_misc":{"Written by":"Clare Kenrick","Est. reading time":"8 minutes"},"schema":{"@context":"https:\/\/schema.org","@graph":[{"@type":"WebPage","@id":"https:\/\/www.ebookers.ch\/blog-voyage\/2021\/02\/08\/restaurants-avec-chambres\/","url":"https:\/\/www.ebookers.ch\/blog-voyage\/2021\/02\/08\/restaurants-avec-chambres\/","name":"Restaurants avec chambres","isPartOf":{"@id":"https:\/\/www.ebookers.ch\/blog-voyage\/#website"},"datePublished":"2021-02-08T13:24:54+00:00","dateModified":"2021-05-11T14:37:01+00:00","author":{"@id":"https:\/\/www.ebookers.ch\/blog-voyage\/#\/schema\/person\/0bd59a11b0b12fef65cde7171aa73179"},"description":"Pour se reposer et se ressourcer apr\u00e8s une p\u00e9riode difficile, rien de mieux qu\u2019un d\u00e9licieux repas dans un restaurant gastronomique, suivi d\u2019une agr\u00e9able nuit dans un h\u00f4tel de luxe.","breadcrumb":{"@id":"https:\/\/www.ebookers.ch\/blog-voyage\/2021\/02\/08\/restaurants-avec-chambres\/#breadcrumb"},"inLanguage":"en-US","potentialAction":[{"@type":"ReadAction","target":["https:\/\/www.ebookers.ch\/blog-voyage\/2021\/02\/08\/restaurants-avec-chambres\/"]}]},{"@type":"BreadcrumbList","@id":"https:\/\/www.ebookers.ch\/blog-voyage\/2021\/02\/08\/restaurants-avec-chambres\/#breadcrumb","itemListElement":[{"@type":"ListItem","position":1,"name":"Accueil","item":"https:\/\/www.ebookers.ch\/blog-voyage\/"},{"@type":"ListItem","position":2,"name":"Restaurants avec chambres"}]},{"@type":"WebSite","@id":"https:\/\/www.ebookers.ch\/blog-voyage\/#website","url":"https:\/\/www.ebookers.ch\/blog-voyage\/","name":"Blog de voyage ebookers.ch","description":"Actualit\u00e9s, voyages, culture, ebookers, litt\u00e9rature de voyage","potentialAction":[{"@type":"SearchAction","target":{"@type":"EntryPoint","urlTemplate":"https:\/\/www.ebookers.ch\/blog-voyage\/?s={search_term_string}"},"query-input":"required name=search_term_string"}],"inLanguage":"en-US"},{"@type":"Person","@id":"https:\/\/www.ebookers.ch\/blog-voyage\/#\/schema\/person\/0bd59a11b0b12fef65cde7171aa73179","name":"Clare Kenrick","image":{"@type":"ImageObject","inLanguage":"en-US","@id":"https:\/\/www.ebookers.ch\/blog-voyage\/#\/schema\/person\/image\/","url":"https:\/\/secure.gravatar.com\/avatar\/1742eff425f020e4e42d601a47e8de554802358fd231962cea09af6962f73a18?s=96&d=mm&r=g","contentUrl":"https:\/\/secure.gravatar.com\/avatar\/1742eff425f020e4e42d601a47e8de554802358fd231962cea09af6962f73a18?s=96&d=mm&r=g","caption":"Clare Kenrick"},"url":"https:\/\/www.ebookers.ch\/blog-voyage\/author\/clare-kenrick\/"}]}},"amp_enabled":true,"_links":{"self":[{"href":"https:\/\/www.ebookers.ch\/blog-voyage\/wp-json\/wp\/v2\/posts\/21004","targetHints":{"allow":["GET"]}}],"collection":[{"href":"https:\/\/www.ebookers.ch\/blog-voyage\/wp-json\/wp\/v2\/posts"}],"about":[{"href":"https:\/\/www.ebookers.ch\/blog-voyage\/wp-json\/wp\/v2\/types\/post"}],"author":[{"embeddable":true,"href":"https:\/\/www.ebookers.ch\/blog-voyage\/wp-json\/wp\/v2\/users\/54"}],"replies":[{"embeddable":true,"href":"https:\/\/www.ebookers.ch\/blog-voyage\/wp-json\/wp\/v2\/comments?post=21004"}],"version-history":[{"count":11,"href":"https:\/\/www.ebookers.ch\/blog-voyage\/wp-json\/wp\/v2\/posts\/21004\/revisions"}],"predecessor-version":[{"id":21048,"href":"https:\/\/www.ebookers.ch\/blog-voyage\/wp-json\/wp\/v2\/posts\/21004\/revisions\/21048"}],"wp:featuredmedia":[{"embeddable":true,"href":"https:\/\/www.ebookers.ch\/blog-voyage\/wp-json\/wp\/v2\/media\/21021"}],"wp:attachment":[{"href":"https:\/\/www.ebookers.ch\/blog-voyage\/wp-json\/wp\/v2\/media?parent=21004"}],"wp:term":[{"taxonomy":"category","embeddable":true,"href":"https:\/\/www.ebookers.ch\/blog-voyage\/wp-json\/wp\/v2\/categories?post=21004"},{"taxonomy":"post_tag","embeddable":true,"href":"https:\/\/www.ebookers.ch\/blog-voyage\/wp-json\/wp\/v2\/tags?post=21004"}],"curies":[{"name":"wp","href":"https:\/\/api.w.org\/{rel}","templated":true}]}}