{"id":38419,"date":"2021-04-21T15:38:44","date_gmt":"2021-04-21T13:38:44","guid":{"rendered":"https:\/\/www.ebookers.ch\/reise-blog\/?p=38419"},"modified":"2021-04-23T13:07:45","modified_gmt":"2021-04-23T11:07:45","slug":"meine-schweiz-the-alpinists","status":"publish","type":"post","link":"https:\/\/www.ebookers.ch\/reise-blog\/inspiration-2\/videos\/meine-schweiz-the-alpinists\/","title":{"rendered":"Meine Schweiz: The Alpinists"},"content":{"rendered":"<h5>\u00abThe Alpinists\u00bb \u2013 das sind eine Handvoll fotografiebegeisterter Freunde aus der Schweiz. Ihre Leidenschaft ersch\u00f6pft sich jedoch nicht im Festhalten landschaftlicher Juwelen rund um den Globus, sondern ihre Passion gilt auch den traumhaften Kulissen in der Schweiz und auf der ganzen Welt. F\u00fcr ebookers haben sie in einem Video ihrer Leidenschaft f\u00fcr die Sch\u00f6nheit der Schweizer Berge Ausdruck verliehen.<\/h5>\n<p>&nbsp;<\/p>\n<p><iframe loading=\"lazy\" title=\"YouTube video player\" src=\"https:\/\/www.youtube.com\/embed\/aBN9pWcNKJc\" width=\"560\" height=\"315\" frameborder=\"0\" allowfullscreen=\"allowfullscreen\"><\/iframe><\/p>\n<p>&nbsp;<\/p>\n<p>Wer, wenn nicht Bergg\u00e4nger mit Liebe zur Fotografie wissen, wo es in der Schweiz besonders sch\u00f6n ist? Vier Freunde von \u00abThe Alpinists\u00bb verraten uns exklusiv ihre Lieblingspl\u00e4tze in der Schweiz.<\/p>\n","protected":false},"excerpt":{"rendered":"<p>\u00abThe Alpinists\u00bb \u2013 das sind eine Handvoll fotografiebegeisterter Freunde aus der Schweiz. Ihre Leidenschaft ersch\u00f6pft sich jedoch nicht im Festhalten [&hellip;]<\/p>\n","protected":false},"author":59,"featured_media":38420,"comment_status":"open","ping_status":"open","sticky":false,"template":"","format":"standard","meta":{"_monsterinsights_skip_tracking":false,"_monsterinsights_sitenote_active":false,"_monsterinsights_sitenote_note":"","_monsterinsights_sitenote_category":0,"footnotes":""},"categories":[618728,618737,618730],"tags":[],"class_list":["post-38419","post","type-post","status-publish","format-standard","has-post-thumbnail","hentry","category-inspiration-2","category-meine-schweiz-2","category-videos"],"acf":{"acf_offers_api_ebookers_destinations":"","api_active":false,"api_excerpt":"","api_title":"","api_featured_image":false,"api_lob":"","background_image":false,"background_image_content":""},"posts_api_cpm_point":"","yoast_head":"<!-- This site is optimized with the Yoast SEO plugin v19.8 - https:\/\/yoast.com\/wordpress\/plugins\/seo\/ -->\n<title>Meine Schweiz: The Alpinists<\/title>\n<meta name=\"robots\" content=\"index, follow, max-snippet:-1, max-image-preview:large, max-video-preview:-1\" \/>\n<link rel=\"canonical\" href=\"https:\/\/www.ebookers.ch\/reise-blog\/inspiration-2\/videos\/meine-schweiz-the-alpinists\/\" \/>\n<meta property=\"og:locale\" content=\"en_US\" \/>\n<meta property=\"og:type\" content=\"article\" \/>\n<meta property=\"og:title\" content=\"Meine Schweiz: The Alpinists\" \/>\n<meta property=\"og:description\" content=\"\u00abThe Alpinists\u00bb \u2013 das sind eine Handvoll fotografiebegeisterter Freunde aus der Schweiz. Ihre Leidenschaft ersch\u00f6pft sich jedoch nicht im Festhalten [&hellip;]\" \/>\n<meta property=\"og:url\" content=\"https:\/\/www.ebookers.ch\/reise-blog\/inspiration-2\/videos\/meine-schweiz-the-alpinists\/\" \/>\n<meta property=\"og:site_name\" content=\"ebookers Reiseblog\" \/>\n<meta property=\"article:published_time\" content=\"2021-04-21T13:38:44+00:00\" \/>\n<meta property=\"article:modified_time\" content=\"2021-04-23T11:07:45+00:00\" \/>\n<meta property=\"og:image\" content=\"https:\/\/www.ebookers.ch\/reise-blog\/wp-content\/uploads\/2021\/04\/The-Alpinists--1230x470.png\" \/>\n\t<meta property=\"og:image:width\" content=\"1230\" \/>\n\t<meta property=\"og:image:height\" content=\"470\" \/>\n\t<meta property=\"og:image:type\" content=\"image\/png\" \/>\n<meta name=\"author\" content=\"Frances Doherty\" \/>\n<meta name=\"twitter:card\" content=\"summary_large_image\" \/>\n<meta name=\"twitter:label1\" content=\"Written by\" \/>\n\t<meta name=\"twitter:data1\" content=\"Frances Doherty\" \/>\n\t<meta name=\"twitter:label2\" content=\"Est. reading time\" \/>\n\t<meta name=\"twitter:data2\" content=\"1 minute\" \/>\n<script type=\"application\/ld+json\" class=\"yoast-schema-graph\">{\"@context\":\"https:\/\/schema.org\",\"@graph\":[{\"@type\":\"WebPage\",\"@id\":\"https:\/\/www.ebookers.ch\/reise-blog\/inspiration-2\/videos\/meine-schweiz-the-alpinists\/\",\"url\":\"https:\/\/www.ebookers.ch\/reise-blog\/inspiration-2\/videos\/meine-schweiz-the-alpinists\/\",\"name\":\"Meine Schweiz: The Alpinists\",\"isPartOf\":{\"@id\":\"https:\/\/www.ebookers.ch\/reise-blog\/#website\"},\"datePublished\":\"2021-04-21T13:38:44+00:00\",\"dateModified\":\"2021-04-23T11:07:45+00:00\",\"author\":{\"@id\":\"https:\/\/www.ebookers.ch\/reise-blog\/#\/schema\/person\/fd6b60fe18367676689b3ce00e2822fb\"},\"breadcrumb\":{\"@id\":\"https:\/\/www.ebookers.ch\/reise-blog\/inspiration-2\/videos\/meine-schweiz-the-alpinists\/#breadcrumb\"},\"inLanguage\":\"en-US\",\"potentialAction\":[{\"@type\":\"ReadAction\",\"target\":[\"https:\/\/www.ebookers.ch\/reise-blog\/inspiration-2\/videos\/meine-schweiz-the-alpinists\/\"]}]},{\"@type\":\"BreadcrumbList\",\"@id\":\"https:\/\/www.ebookers.ch\/reise-blog\/inspiration-2\/videos\/meine-schweiz-the-alpinists\/#breadcrumb\",\"itemListElement\":[{\"@type\":\"ListItem\",\"position\":1,\"name\":\"Startseite\",\"item\":\"https:\/\/www.ebookers.ch\/reise-blog\/\"},{\"@type\":\"ListItem\",\"position\":2,\"name\":\"Meine Schweiz: The Alpinists\"}]},{\"@type\":\"WebSite\",\"@id\":\"https:\/\/www.ebookers.ch\/reise-blog\/#website\",\"url\":\"https:\/\/www.ebookers.ch\/reise-blog\/\",\"name\":\"ebookers Reiseblog\",\"description\":\"\",\"potentialAction\":[{\"@type\":\"SearchAction\",\"target\":{\"@type\":\"EntryPoint\",\"urlTemplate\":\"https:\/\/www.ebookers.ch\/reise-blog\/?s={search_term_string}\"},\"query-input\":\"required name=search_term_string\"}],\"inLanguage\":\"en-US\"},{\"@type\":\"Person\",\"@id\":\"https:\/\/www.ebookers.ch\/reise-blog\/#\/schema\/person\/fd6b60fe18367676689b3ce00e2822fb\",\"name\":\"Frances Doherty\",\"image\":{\"@type\":\"ImageObject\",\"inLanguage\":\"en-US\",\"@id\":\"https:\/\/www.ebookers.ch\/reise-blog\/#\/schema\/person\/image\/\",\"url\":\"https:\/\/secure.gravatar.com\/avatar\/be272b41548bac9481633dc66de5fbad481b071bbc2098d72993cdc444a96146?s=96&d=mm&r=g\",\"contentUrl\":\"https:\/\/secure.gravatar.com\/avatar\/be272b41548bac9481633dc66de5fbad481b071bbc2098d72993cdc444a96146?s=96&d=mm&r=g\",\"caption\":\"Frances Doherty\"},\"url\":\"https:\/\/www.ebookers.ch\/reise-blog\/author\/frances\/\"}]}<\/script>\n<!-- \/ Yoast SEO plugin. -->","yoast_head_json":{"title":"Meine Schweiz: The Alpinists","robots":{"index":"index","follow":"follow","max-snippet":"max-snippet:-1","max-image-preview":"max-image-preview:large","max-video-preview":"max-video-preview:-1"},"canonical":"https:\/\/www.ebookers.ch\/reise-blog\/inspiration-2\/videos\/meine-schweiz-the-alpinists\/","og_locale":"en_US","og_type":"article","og_title":"Meine Schweiz: The Alpinists","og_description":"\u00abThe Alpinists\u00bb \u2013 das sind eine Handvoll fotografiebegeisterter Freunde aus der Schweiz. Ihre Leidenschaft ersch\u00f6pft sich jedoch nicht im Festhalten [&hellip;]","og_url":"https:\/\/www.ebookers.ch\/reise-blog\/inspiration-2\/videos\/meine-schweiz-the-alpinists\/","og_site_name":"ebookers Reiseblog","article_published_time":"2021-04-21T13:38:44+00:00","article_modified_time":"2021-04-23T11:07:45+00:00","og_image":[{"width":1230,"height":470,"url":"https:\/\/www.ebookers.ch\/reise-blog\/wp-content\/uploads\/2021\/04\/The-Alpinists--1230x470.png","type":"image\/png"}],"author":"Frances Doherty","twitter_card":"summary_large_image","twitter_misc":{"Written by":"Frances Doherty","Est. reading time":"1 minute"},"schema":{"@context":"https:\/\/schema.org","@graph":[{"@type":"WebPage","@id":"https:\/\/www.ebookers.ch\/reise-blog\/inspiration-2\/videos\/meine-schweiz-the-alpinists\/","url":"https:\/\/www.ebookers.ch\/reise-blog\/inspiration-2\/videos\/meine-schweiz-the-alpinists\/","name":"Meine Schweiz: The Alpinists","isPartOf":{"@id":"https:\/\/www.ebookers.ch\/reise-blog\/#website"},"datePublished":"2021-04-21T13:38:44+00:00","dateModified":"2021-04-23T11:07:45+00:00","author":{"@id":"https:\/\/www.ebookers.ch\/reise-blog\/#\/schema\/person\/fd6b60fe18367676689b3ce00e2822fb"},"breadcrumb":{"@id":"https:\/\/www.ebookers.ch\/reise-blog\/inspiration-2\/videos\/meine-schweiz-the-alpinists\/#breadcrumb"},"inLanguage":"en-US","potentialAction":[{"@type":"ReadAction","target":["https:\/\/www.ebookers.ch\/reise-blog\/inspiration-2\/videos\/meine-schweiz-the-alpinists\/"]}]},{"@type":"BreadcrumbList","@id":"https:\/\/www.ebookers.ch\/reise-blog\/inspiration-2\/videos\/meine-schweiz-the-alpinists\/#breadcrumb","itemListElement":[{"@type":"ListItem","position":1,"name":"Startseite","item":"https:\/\/www.ebookers.ch\/reise-blog\/"},{"@type":"ListItem","position":2,"name":"Meine Schweiz: The Alpinists"}]},{"@type":"WebSite","@id":"https:\/\/www.ebookers.ch\/reise-blog\/#website","url":"https:\/\/www.ebookers.ch\/reise-blog\/","name":"ebookers Reiseblog","description":"","potentialAction":[{"@type":"SearchAction","target":{"@type":"EntryPoint","urlTemplate":"https:\/\/www.ebookers.ch\/reise-blog\/?s={search_term_string}"},"query-input":"required name=search_term_string"}],"inLanguage":"en-US"},{"@type":"Person","@id":"https:\/\/www.ebookers.ch\/reise-blog\/#\/schema\/person\/fd6b60fe18367676689b3ce00e2822fb","name":"Frances Doherty","image":{"@type":"ImageObject","inLanguage":"en-US","@id":"https:\/\/www.ebookers.ch\/reise-blog\/#\/schema\/person\/image\/","url":"https:\/\/secure.gravatar.com\/avatar\/be272b41548bac9481633dc66de5fbad481b071bbc2098d72993cdc444a96146?s=96&d=mm&r=g","contentUrl":"https:\/\/secure.gravatar.com\/avatar\/be272b41548bac9481633dc66de5fbad481b071bbc2098d72993cdc444a96146?s=96&d=mm&r=g","caption":"Frances Doherty"},"url":"https:\/\/www.ebookers.ch\/reise-blog\/author\/frances\/"}]}},"amp_enabled":true,"_links":{"self":[{"href":"https:\/\/www.ebookers.ch\/reise-blog\/wp-json\/wp\/v2\/posts\/38419","targetHints":{"allow":["GET"]}}],"collection":[{"href":"https:\/\/www.ebookers.ch\/reise-blog\/wp-json\/wp\/v2\/posts"}],"about":[{"href":"https:\/\/www.ebookers.ch\/reise-blog\/wp-json\/wp\/v2\/types\/post"}],"author":[{"embeddable":true,"href":"https:\/\/www.ebookers.ch\/reise-blog\/wp-json\/wp\/v2\/users\/59"}],"replies":[{"embeddable":true,"href":"https:\/\/www.ebookers.ch\/reise-blog\/wp-json\/wp\/v2\/comments?post=38419"}],"version-history":[{"count":1,"href":"https:\/\/www.ebookers.ch\/reise-blog\/wp-json\/wp\/v2\/posts\/38419\/revisions"}],"predecessor-version":[{"id":38421,"href":"https:\/\/www.ebookers.ch\/reise-blog\/wp-json\/wp\/v2\/posts\/38419\/revisions\/38421"}],"wp:featuredmedia":[{"embeddable":true,"href":"https:\/\/www.ebookers.ch\/reise-blog\/wp-json\/wp\/v2\/media\/38420"}],"wp:attachment":[{"href":"https:\/\/www.ebookers.ch\/reise-blog\/wp-json\/wp\/v2\/media?parent=38419"}],"wp:term":[{"taxonomy":"category","embeddable":true,"href":"https:\/\/www.ebookers.ch\/reise-blog\/wp-json\/wp\/v2\/categories?post=38419"},{"taxonomy":"post_tag","embeddable":true,"href":"https:\/\/www.ebookers.ch\/reise-blog\/wp-json\/wp\/v2\/tags?post=38419"}],"curies":[{"name":"wp","href":"https:\/\/api.w.org\/{rel}","templated":true}]}}