{"id":38461,"date":"2021-04-15T13:43:43","date_gmt":"2021-04-15T11:43:43","guid":{"rendered":"https:\/\/www.ebookers.ch\/reise-blog\/?p=38461"},"modified":"2021-04-16T16:10:14","modified_gmt":"2021-04-16T14:10:14","slug":"auf-entdeckungsreise-im-schillernden-tessin","status":"publish","type":"post","link":"https:\/\/www.ebookers.ch\/reise-blog\/reiseziele-2\/meine-schweiz-2\/auf-entdeckungsreise-im-schillernden-tessin\/","title":{"rendered":"Auf Entdeckungsreise im schillernden Tessin"},"content":{"rendered":"<h5><strong>Unser s\u00fcdlicher Kanton zieht nicht nur dank seiner kulturellen Attraktionen, sondern auch dank seiner nat\u00fcrlichen Sch\u00f6nheit viele Besucher an.\u00a0Der mediterrane Dolcefarniente auf der Piazza am Seeufer wird mit Wanderabenteuern in den Bergen kombiniert.\u00a0Mittelalterliche Schl\u00f6sser und rustikale Weinkeller, abgelegene T\u00e4ler und wilde Berge &#8211; im Tessin fehlt nichts.<\/strong><\/h5>\n<h3><strong>Ascona und Locarno<\/strong><\/h3>\n<p><img loading=\"lazy\" decoding=\"async\" class=\"alignnone size-full wp-image-37339\" src=\"https:\/\/www.ebookers.ch\/reise-blog\/wp-content\/uploads\/2020\/06\/Screenshot-2020-07-01-at-16.47.25.png\" alt=\"\" width=\"1080\" height=\"736\" srcset=\"https:\/\/www.ebookers.ch\/reise-blog\/wp-content\/uploads\/2020\/06\/Screenshot-2020-07-01-at-16.47.25.png 1080w, https:\/\/www.ebookers.ch\/reise-blog\/wp-content\/uploads\/2020\/06\/Screenshot-2020-07-01-at-16.47.25-300x204.png 300w, https:\/\/www.ebookers.ch\/reise-blog\/wp-content\/uploads\/2020\/06\/Screenshot-2020-07-01-at-16.47.25-768x523.png 768w, https:\/\/www.ebookers.ch\/reise-blog\/wp-content\/uploads\/2020\/06\/Screenshot-2020-07-01-at-16.47.25-464x316.png 464w, https:\/\/www.ebookers.ch\/reise-blog\/wp-content\/uploads\/2020\/06\/Screenshot-2020-07-01-at-16.47.25-499x340.png 499w\" sizes=\"auto, (max-width: 1080px) 100vw, 1080px\" \/>\u00a0Das milde Klima am Lago Maggiore l\u00e4dt Sie ein, das ganze Jahr \u00fcber so viel wie m\u00f6glich im Freien zu trainieren.\u00a0Beginnen Sie Ihre Entdeckungstour auf der Piazza von Ascona, wo Sie eine malerische Kulisse aus farbenfrohen Geb\u00e4uden, kleinen Booten und schneebedeckten Gipfeln \u00fcber dem See erwartet.\u00a0Die l\u00e4ngliche Piazza Grande von Locarno, Schauplatz des ber\u00fchmten Filmfestivals, ist immer einen Besuch wert.\u00a0Im Sommer bietet der wundersch\u00f6ne Lago Maggiore M\u00f6glichkeiten zum Schwimmen und f\u00fcr andere Wassersportarten wie Segeln oder Stand-Up-Paddeln.\u00a0Planen Sie aber auch gen\u00fcgend Zeit f\u00fcr Ausfl\u00fcge in die Umgebung.\u00a0Vielleicht k\u00f6nnen Sie ein Mountainbike mieten und damit die Berglandschaft des Valle Maggia erkunden.\u00a0Um sich abzuk\u00fchlen, k\u00f6nnen Sie am Wasserfall Cascata del Salto im Dorf Maggia Halt machen.<\/p>\n<p><a href=\"https:\/\/www.ebookers.ch\/Ascona-Apartments.d6028-aaApartments.Reiseangebote-Unterkuenfte?&amp;langid=2055\"><strong>Finden Sie eine Unterkunft in Ascona und Locarno<\/strong><\/a><\/p>\n<h3><strong>Bellinzona und Sopraceneri<\/strong><\/h3>\n<p><img loading=\"lazy\" decoding=\"async\" class=\"alignnone size-full wp-image-37340\" src=\"https:\/\/www.ebookers.ch\/reise-blog\/wp-content\/uploads\/2020\/06\/bellinzona-switzerland-picture-id1237920453.jpg\" alt=\"\" width=\"1024\" height=\"768\" srcset=\"https:\/\/www.ebookers.ch\/reise-blog\/wp-content\/uploads\/2020\/06\/bellinzona-switzerland-picture-id1237920453.jpg 1024w, https:\/\/www.ebookers.ch\/reise-blog\/wp-content\/uploads\/2020\/06\/bellinzona-switzerland-picture-id1237920453-300x225.jpg 300w, https:\/\/www.ebookers.ch\/reise-blog\/wp-content\/uploads\/2020\/06\/bellinzona-switzerland-picture-id1237920453-768x576.jpg 768w, https:\/\/www.ebookers.ch\/reise-blog\/wp-content\/uploads\/2020\/06\/bellinzona-switzerland-picture-id1237920453-464x348.jpg 464w, https:\/\/www.ebookers.ch\/reise-blog\/wp-content\/uploads\/2020\/06\/bellinzona-switzerland-picture-id1237920453-453x340.jpg 453w, https:\/\/www.ebookers.ch\/reise-blog\/wp-content\/uploads\/2020\/06\/bellinzona-switzerland-picture-id1237920453-600x450.jpg 600w\" sizes=\"auto, (max-width: 1024px) 100vw, 1024px\" \/>\u00a0Bellinzona, die Hauptstadt des Tessins, hat mit seinen mittelalterlichen Festungsmauern, die sich aus der \u00fcppig gr\u00fcnen Vegetation erheben, etwas Magisches an sich.\u00a0Die drei Burgen wurden von der UNESCO im Jahr 2000 als Weltkulturerbe anerkannt.\u00a0Castelgrande, die gr\u00f6\u00dfte der drei, war bereits in der R\u00f6merzeit eine Grenzfestung, die beiden anderen Burgen wurden im 14. und 15. Jahrhundert erbaut.\u00a0Im Winter locken die Skigebiete in Leventina und im Valle Blenio, w\u00e4hrend die warme Jahreszeit endlose M\u00f6glichkeiten zum Wandern und Klettern bietet, ohne das sensationelle Bungee-Jumping auf dem Verzasca-Damm zu vergessen.\u00a0Diejenigen, die ruhigere Freuden bevorzugen, halten lieber in einer Grotte oder in der Airolo-K\u00e4serei.\u00a0Die Cascata di Santa Petronilla und das beliebte Naturbecken in der N\u00e4he von Iragna sorgen f\u00fcr K\u00fchlung.<\/p>\n<p><a href=\"https:\/\/www.ebookers.ch\/Bellinzona-Cottages.d4465-aaCottages.Reiseangebote-Unterkuenfte\"><strong>Finden Sie eine Unterkunft in der Region Bellinzona und Sopraceneri<\/strong><\/a><\/p>\n<h3><strong>Region Lugano<\/strong><\/h3>\n<p><img loading=\"lazy\" decoding=\"async\" class=\"alignnone size-full wp-image-37341\" src=\"https:\/\/www.ebookers.ch\/reise-blog\/wp-content\/uploads\/2020\/06\/marrogia-village-and-bridge-over-lugano-lake-in-switzerland-picture-id1138779731.jpg\" alt=\"\" width=\"1024\" height=\"768\" srcset=\"https:\/\/www.ebookers.ch\/reise-blog\/wp-content\/uploads\/2020\/06\/marrogia-village-and-bridge-over-lugano-lake-in-switzerland-picture-id1138779731.jpg 1024w, https:\/\/www.ebookers.ch\/reise-blog\/wp-content\/uploads\/2020\/06\/marrogia-village-and-bridge-over-lugano-lake-in-switzerland-picture-id1138779731-300x225.jpg 300w, https:\/\/www.ebookers.ch\/reise-blog\/wp-content\/uploads\/2020\/06\/marrogia-village-and-bridge-over-lugano-lake-in-switzerland-picture-id1138779731-768x576.jpg 768w, https:\/\/www.ebookers.ch\/reise-blog\/wp-content\/uploads\/2020\/06\/marrogia-village-and-bridge-over-lugano-lake-in-switzerland-picture-id1138779731-464x348.jpg 464w, https:\/\/www.ebookers.ch\/reise-blog\/wp-content\/uploads\/2020\/06\/marrogia-village-and-bridge-over-lugano-lake-in-switzerland-picture-id1138779731-453x340.jpg 453w, https:\/\/www.ebookers.ch\/reise-blog\/wp-content\/uploads\/2020\/06\/marrogia-village-and-bridge-over-lugano-lake-in-switzerland-picture-id1138779731-600x450.jpg 600w\" sizes=\"auto, (max-width: 1024px) 100vw, 1024px\" \/>\u00a0Lugano &#8211; die gr\u00f6\u00dfte italienischsprachige Stadt au\u00dferhalb Italiens &#8211; ist im Ausland als \u201eMonte Carlo der Schweiz\u201c bekannt.\u00a0Hier trifft sich das Jet-Set, um in einem gepflegten mediterranen Ambiente nach Entspannung zu suchen.\u00a0Das Rathaus aus der Mitte des 19. Jahrhunderts und andere beeindruckende Geb\u00e4ude im neoklassizistischen Stil rahmen die Piazza della Riforma ein, den zentralen Platz der Stadt direkt am Luganersee.\u00a0Der Schriftsteller und Nobelpreistr\u00e4ger Hermann Hesse lie\u00df sich von diesem Bereich inspirieren.\u00a0Eine Auswahl seiner Schriften und Aquarelle ist im Hermann Hessen Museum zu sehen.\u00a0Sie k\u00f6nnen auch einen Spaziergang in die Vergangenheit auf dem Sentiero dell&#8217;Olivo machen, einem Weg durch alte Olivenhaine, die in den letzten Jahren mit jungen B\u00e4umen erneuert wurden.\u00a0Wenn es die Zeit erlaubt, nehmen Sie die Standseilbahn auf den Monte Br\u00e8.<\/p>\n<p><a href=\"https:\/\/www.ebookers.ch\/Lugano-Urlaub.d2157.Reise-Angebote-Staedtereisen\"><strong>Finden Sie Unterk\u00fcnfte in der Region Lugano<\/strong><\/a><\/p>\n<h3><strong>Mendrisiotto<\/strong><\/h3>\n<p><img loading=\"lazy\" decoding=\"async\" class=\"alignnone size-full wp-image-20290\" src=\"https:\/\/www.ebookers.ch\/blog-voyage\/wp-content\/uploads\/2020\/06\/aerial-view-of-lugano-lake-from-monte-generoso-switzerland-picture-id1138597420.jpg\" alt=\"\" width=\"1024\" height=\"768\" \/>\u00a0Das Mendrisiotto ist ein absolutes Muss f\u00fcr Weinliebhaber.\u00a0Die Erntezeit beginnt Ende August, aber Wanderungen durch die Weinberge und auf dem Monte Generoso lohnen sich das ganze Jahr \u00fcber.\u00a0Ein interessanter Weg f\u00fchrt Sie zu mehreren Nevere, den charakteristischen Steingeb\u00e4uden, die im Winter mit Schnee gef\u00fcllt wurden, um die Milch im Sommer k\u00fchl zu halten.\u00a0Am besten machen Sie morgens einen langen Spaziergang und entspannen nachmittags in einem Weinkeller oder einer Grotte unter alten Kastanienb\u00e4umen.\u00a0Verpassen Sie nicht die malerischen Stra\u00dfen und charakteristischen Innenh\u00f6fe in Magnifico Borgo, der Altstadt von Mendrisio.<\/p>\n<p><a href=\"https:\/\/www.ebookers.ch\/Kanton-Tessin-Ferienwohnungen.d6051991.Reiseangebote-Ferienwohnungen\"><strong>Finden Sie eine Unterkunft im Mendrisiotto<\/strong><\/a><strong>\u00a0<\/strong><\/p>\n<h3><strong>Valle Onsernone<\/strong><\/h3>\n<p><img loading=\"lazy\" decoding=\"async\" class=\"alignnone size-full wp-image-20291\" src=\"https:\/\/www.ebookers.ch\/blog-voyage\/wp-content\/uploads\/2020\/06\/the-rural-village-of-comologno-on-onsernone-valley-picture-id520999923.jpg\" alt=\"\" width=\"1024\" height=\"768\" \/>\u00a0Valle Onsernone zog in den 1960er und 1970er Jahren Hippies an &#8211; und einige sind bis heute geblieben.\u00a0Dank seiner Abgeschiedenheit herrscht in diesem Seitental des Centovalli immer noch viel Ruhe und unber\u00fchrte Natur.\u00a0Vor der industriellen Revolution waren die Einheimischen vor allem f\u00fcr die Herstellung von Strohh\u00fcten bekannt.\u00a0K\u00fcnstler und Schriftsteller zogen ab den 1930er Jahren hierher.\u00a0Der ber\u00fchmteste davon war Max Frisch, der zwanzig Jahre im Dorf Berzona lebte.\u00a0Heute ist nur noch eine Ruine des ehemaligen Thermalbades Bagni di Craveggia \u00fcbrig, aber die W\u00e4lder an den H\u00e4ngen, die steil zum Fluss Isorno abfallen, sind ideal f\u00fcr lange Wanderungen.\u00a0Die Lokm\u00fchle aus dem 18. Jahrhundert wurde restauriert und mahlt seit 1991 wieder Mais zu Polenta.Die Zeit scheint in diesem Tal still zu stehen.<\/p>\n<p><a href=\"https:\/\/www.ebookers.ch\/Onsernone-Villen.d553248635970988926-aaVillen.Reiseangebote-Unterkuenfte\"><strong>Finden Sie eine\u00a0Unterkunft im\u00a0Valle Onsernone<\/strong><\/a><\/p>\n<p>&nbsp;<\/p>\n<p><a href=\"https:\/\/www.ebookers.ch\/lp\/deals\/beste-kurzreisen\/\"><img loading=\"lazy\" decoding=\"async\" class=\"alignnone wp-image-38229 size-medium\" src=\"https:\/\/www.ebookers.ch\/reise-blog\/wp-content\/uploads\/2021\/03\/Screenshot-2021-03-29-at-16.10.58-300x168.png\" alt=\"\" width=\"300\" height=\"168\" srcset=\"https:\/\/www.ebookers.ch\/reise-blog\/wp-content\/uploads\/2021\/03\/Screenshot-2021-03-29-at-16.10.58-300x168.png 300w, https:\/\/www.ebookers.ch\/reise-blog\/wp-content\/uploads\/2021\/03\/Screenshot-2021-03-29-at-16.10.58-464x260.png 464w, https:\/\/www.ebookers.ch\/reise-blog\/wp-content\/uploads\/2021\/03\/Screenshot-2021-03-29-at-16.10.58-560x315.png 560w, https:\/\/www.ebookers.ch\/reise-blog\/wp-content\/uploads\/2021\/03\/Screenshot-2021-03-29-at-16.10.58-607x340.png 607w, https:\/\/www.ebookers.ch\/reise-blog\/wp-content\/uploads\/2021\/03\/Screenshot-2021-03-29-at-16.10.58.png 728w\" sizes=\"auto, (max-width: 300px) 100vw, 300px\" \/><\/a><\/p>\n","protected":false},"excerpt":{"rendered":"<p>Unser s\u00fcdlicher Kanton zieht nicht nur dank seiner kulturellen Attraktionen, sondern auch dank seiner nat\u00fcrlichen Sch\u00f6nheit viele Besucher an.\u00a0Der mediterrane [&hellip;]<\/p>\n","protected":false},"author":59,"featured_media":37319,"comment_status":"open","ping_status":"open","sticky":false,"template":"","format":"standard","meta":{"_monsterinsights_skip_tracking":false,"_monsterinsights_sitenote_active":false,"_monsterinsights_sitenote_note":"","_monsterinsights_sitenote_category":0,"footnotes":""},"categories":[618737,618735],"tags":[],"class_list":["post-38461","post","type-post","status-publish","format-standard","has-post-thumbnail","hentry","category-meine-schweiz-2","category-reiseziele-2"],"acf":{"acf_offers_api_ebookers_destinations":"","api_active":false,"api_excerpt":"","api_title":"","api_featured_image":false,"api_lob":"","background_image":false,"background_image_content":""},"posts_api_cpm_point":"","yoast_head":"<!-- This site is optimized with the Yoast SEO plugin v19.8 - https:\/\/yoast.com\/wordpress\/plugins\/seo\/ -->\n<title>Auf Entdeckungsreise im schillernden Tessin<\/title>\n<meta name=\"description\" content=\"Unser s\u00fcdlicher Kanton zieht nicht nur dank seiner kulturellen Attraktionen, sondern auch dank seiner nat\u00fcrlichen Sch\u00f6nheit viele Besucher an.\u00a0\" \/>\n<meta name=\"robots\" content=\"index, follow, max-snippet:-1, max-image-preview:large, max-video-preview:-1\" \/>\n<link rel=\"canonical\" href=\"https:\/\/www.ebookers.ch\/reise-blog\/reiseziele-2\/meine-schweiz-2\/auf-entdeckungsreise-im-schillernden-tessin\/\" \/>\n<meta property=\"og:locale\" content=\"en_US\" \/>\n<meta property=\"og:type\" content=\"article\" \/>\n<meta property=\"og:title\" content=\"Auf Entdeckungsreise im schillernden Tessin\" \/>\n<meta property=\"og:description\" content=\"Unser s\u00fcdlicher Kanton zieht nicht nur dank seiner kulturellen Attraktionen, sondern auch dank seiner nat\u00fcrlichen Sch\u00f6nheit viele Besucher an.\u00a0\" \/>\n<meta property=\"og:url\" content=\"https:\/\/www.ebookers.ch\/reise-blog\/reiseziele-2\/meine-schweiz-2\/auf-entdeckungsreise-im-schillernden-tessin\/\" \/>\n<meta property=\"og:site_name\" content=\"ebookers Reiseblog\" \/>\n<meta property=\"article:published_time\" content=\"2021-04-15T11:43:43+00:00\" \/>\n<meta property=\"article:modified_time\" content=\"2021-04-16T14:10:14+00:00\" \/>\n<meta property=\"og:image\" content=\"https:\/\/www.ebookers.ch\/reise-blog\/wp-content\/uploads\/2020\/06\/Ascona-1024x470.jpg\" \/>\n\t<meta property=\"og:image:width\" content=\"1024\" \/>\n\t<meta property=\"og:image:height\" content=\"470\" \/>\n\t<meta property=\"og:image:type\" content=\"image\/jpeg\" \/>\n<meta name=\"author\" content=\"Frances Doherty\" \/>\n<meta name=\"twitter:card\" content=\"summary_large_image\" \/>\n<meta name=\"twitter:label1\" content=\"Written by\" \/>\n\t<meta name=\"twitter:data1\" content=\"Frances Doherty\" \/>\n\t<meta name=\"twitter:label2\" content=\"Est. reading time\" \/>\n\t<meta name=\"twitter:data2\" content=\"5 minutes\" \/>\n<script type=\"application\/ld+json\" class=\"yoast-schema-graph\">{\"@context\":\"https:\/\/schema.org\",\"@graph\":[{\"@type\":\"WebPage\",\"@id\":\"https:\/\/www.ebookers.ch\/reise-blog\/reiseziele-2\/meine-schweiz-2\/auf-entdeckungsreise-im-schillernden-tessin\/\",\"url\":\"https:\/\/www.ebookers.ch\/reise-blog\/reiseziele-2\/meine-schweiz-2\/auf-entdeckungsreise-im-schillernden-tessin\/\",\"name\":\"Auf Entdeckungsreise im schillernden Tessin\",\"isPartOf\":{\"@id\":\"https:\/\/www.ebookers.ch\/reise-blog\/#website\"},\"datePublished\":\"2021-04-15T11:43:43+00:00\",\"dateModified\":\"2021-04-16T14:10:14+00:00\",\"author\":{\"@id\":\"https:\/\/www.ebookers.ch\/reise-blog\/#\/schema\/person\/fd6b60fe18367676689b3ce00e2822fb\"},\"description\":\"Unser s\u00fcdlicher Kanton zieht nicht nur dank seiner kulturellen Attraktionen, sondern auch dank seiner nat\u00fcrlichen Sch\u00f6nheit viele Besucher an.\u00a0\",\"breadcrumb\":{\"@id\":\"https:\/\/www.ebookers.ch\/reise-blog\/reiseziele-2\/meine-schweiz-2\/auf-entdeckungsreise-im-schillernden-tessin\/#breadcrumb\"},\"inLanguage\":\"en-US\",\"potentialAction\":[{\"@type\":\"ReadAction\",\"target\":[\"https:\/\/www.ebookers.ch\/reise-blog\/reiseziele-2\/meine-schweiz-2\/auf-entdeckungsreise-im-schillernden-tessin\/\"]}]},{\"@type\":\"BreadcrumbList\",\"@id\":\"https:\/\/www.ebookers.ch\/reise-blog\/reiseziele-2\/meine-schweiz-2\/auf-entdeckungsreise-im-schillernden-tessin\/#breadcrumb\",\"itemListElement\":[{\"@type\":\"ListItem\",\"position\":1,\"name\":\"Startseite\",\"item\":\"https:\/\/www.ebookers.ch\/reise-blog\/\"},{\"@type\":\"ListItem\",\"position\":2,\"name\":\"Auf Entdeckungsreise im schillernden Tessin\"}]},{\"@type\":\"WebSite\",\"@id\":\"https:\/\/www.ebookers.ch\/reise-blog\/#website\",\"url\":\"https:\/\/www.ebookers.ch\/reise-blog\/\",\"name\":\"ebookers Reiseblog\",\"description\":\"\",\"potentialAction\":[{\"@type\":\"SearchAction\",\"target\":{\"@type\":\"EntryPoint\",\"urlTemplate\":\"https:\/\/www.ebookers.ch\/reise-blog\/?s={search_term_string}\"},\"query-input\":\"required name=search_term_string\"}],\"inLanguage\":\"en-US\"},{\"@type\":\"Person\",\"@id\":\"https:\/\/www.ebookers.ch\/reise-blog\/#\/schema\/person\/fd6b60fe18367676689b3ce00e2822fb\",\"name\":\"Frances Doherty\",\"image\":{\"@type\":\"ImageObject\",\"inLanguage\":\"en-US\",\"@id\":\"https:\/\/www.ebookers.ch\/reise-blog\/#\/schema\/person\/image\/\",\"url\":\"https:\/\/secure.gravatar.com\/avatar\/be272b41548bac9481633dc66de5fbad481b071bbc2098d72993cdc444a96146?s=96&d=mm&r=g\",\"contentUrl\":\"https:\/\/secure.gravatar.com\/avatar\/be272b41548bac9481633dc66de5fbad481b071bbc2098d72993cdc444a96146?s=96&d=mm&r=g\",\"caption\":\"Frances Doherty\"},\"url\":\"https:\/\/www.ebookers.ch\/reise-blog\/author\/frances\/\"}]}<\/script>\n<!-- \/ Yoast SEO plugin. -->","yoast_head_json":{"title":"Auf Entdeckungsreise im schillernden Tessin","description":"Unser s\u00fcdlicher Kanton zieht nicht nur dank seiner kulturellen Attraktionen, sondern auch dank seiner nat\u00fcrlichen Sch\u00f6nheit viele Besucher an.\u00a0","robots":{"index":"index","follow":"follow","max-snippet":"max-snippet:-1","max-image-preview":"max-image-preview:large","max-video-preview":"max-video-preview:-1"},"canonical":"https:\/\/www.ebookers.ch\/reise-blog\/reiseziele-2\/meine-schweiz-2\/auf-entdeckungsreise-im-schillernden-tessin\/","og_locale":"en_US","og_type":"article","og_title":"Auf Entdeckungsreise im schillernden Tessin","og_description":"Unser s\u00fcdlicher Kanton zieht nicht nur dank seiner kulturellen Attraktionen, sondern auch dank seiner nat\u00fcrlichen Sch\u00f6nheit viele Besucher an.\u00a0","og_url":"https:\/\/www.ebookers.ch\/reise-blog\/reiseziele-2\/meine-schweiz-2\/auf-entdeckungsreise-im-schillernden-tessin\/","og_site_name":"ebookers Reiseblog","article_published_time":"2021-04-15T11:43:43+00:00","article_modified_time":"2021-04-16T14:10:14+00:00","og_image":[{"width":1024,"height":470,"url":"https:\/\/www.ebookers.ch\/reise-blog\/wp-content\/uploads\/2020\/06\/Ascona-1024x470.jpg","type":"image\/jpeg"}],"author":"Frances Doherty","twitter_card":"summary_large_image","twitter_misc":{"Written by":"Frances Doherty","Est. reading time":"5 minutes"},"schema":{"@context":"https:\/\/schema.org","@graph":[{"@type":"WebPage","@id":"https:\/\/www.ebookers.ch\/reise-blog\/reiseziele-2\/meine-schweiz-2\/auf-entdeckungsreise-im-schillernden-tessin\/","url":"https:\/\/www.ebookers.ch\/reise-blog\/reiseziele-2\/meine-schweiz-2\/auf-entdeckungsreise-im-schillernden-tessin\/","name":"Auf Entdeckungsreise im schillernden Tessin","isPartOf":{"@id":"https:\/\/www.ebookers.ch\/reise-blog\/#website"},"datePublished":"2021-04-15T11:43:43+00:00","dateModified":"2021-04-16T14:10:14+00:00","author":{"@id":"https:\/\/www.ebookers.ch\/reise-blog\/#\/schema\/person\/fd6b60fe18367676689b3ce00e2822fb"},"description":"Unser s\u00fcdlicher Kanton zieht nicht nur dank seiner kulturellen Attraktionen, sondern auch dank seiner nat\u00fcrlichen Sch\u00f6nheit viele Besucher an.\u00a0","breadcrumb":{"@id":"https:\/\/www.ebookers.ch\/reise-blog\/reiseziele-2\/meine-schweiz-2\/auf-entdeckungsreise-im-schillernden-tessin\/#breadcrumb"},"inLanguage":"en-US","potentialAction":[{"@type":"ReadAction","target":["https:\/\/www.ebookers.ch\/reise-blog\/reiseziele-2\/meine-schweiz-2\/auf-entdeckungsreise-im-schillernden-tessin\/"]}]},{"@type":"BreadcrumbList","@id":"https:\/\/www.ebookers.ch\/reise-blog\/reiseziele-2\/meine-schweiz-2\/auf-entdeckungsreise-im-schillernden-tessin\/#breadcrumb","itemListElement":[{"@type":"ListItem","position":1,"name":"Startseite","item":"https:\/\/www.ebookers.ch\/reise-blog\/"},{"@type":"ListItem","position":2,"name":"Auf Entdeckungsreise im schillernden Tessin"}]},{"@type":"WebSite","@id":"https:\/\/www.ebookers.ch\/reise-blog\/#website","url":"https:\/\/www.ebookers.ch\/reise-blog\/","name":"ebookers Reiseblog","description":"","potentialAction":[{"@type":"SearchAction","target":{"@type":"EntryPoint","urlTemplate":"https:\/\/www.ebookers.ch\/reise-blog\/?s={search_term_string}"},"query-input":"required name=search_term_string"}],"inLanguage":"en-US"},{"@type":"Person","@id":"https:\/\/www.ebookers.ch\/reise-blog\/#\/schema\/person\/fd6b60fe18367676689b3ce00e2822fb","name":"Frances Doherty","image":{"@type":"ImageObject","inLanguage":"en-US","@id":"https:\/\/www.ebookers.ch\/reise-blog\/#\/schema\/person\/image\/","url":"https:\/\/secure.gravatar.com\/avatar\/be272b41548bac9481633dc66de5fbad481b071bbc2098d72993cdc444a96146?s=96&d=mm&r=g","contentUrl":"https:\/\/secure.gravatar.com\/avatar\/be272b41548bac9481633dc66de5fbad481b071bbc2098d72993cdc444a96146?s=96&d=mm&r=g","caption":"Frances Doherty"},"url":"https:\/\/www.ebookers.ch\/reise-blog\/author\/frances\/"}]}},"amp_enabled":true,"_links":{"self":[{"href":"https:\/\/www.ebookers.ch\/reise-blog\/wp-json\/wp\/v2\/posts\/38461","targetHints":{"allow":["GET"]}}],"collection":[{"href":"https:\/\/www.ebookers.ch\/reise-blog\/wp-json\/wp\/v2\/posts"}],"about":[{"href":"https:\/\/www.ebookers.ch\/reise-blog\/wp-json\/wp\/v2\/types\/post"}],"author":[{"embeddable":true,"href":"https:\/\/www.ebookers.ch\/reise-blog\/wp-json\/wp\/v2\/users\/59"}],"replies":[{"embeddable":true,"href":"https:\/\/www.ebookers.ch\/reise-blog\/wp-json\/wp\/v2\/comments?post=38461"}],"version-history":[{"count":6,"href":"https:\/\/www.ebookers.ch\/reise-blog\/wp-json\/wp\/v2\/posts\/38461\/revisions"}],"predecessor-version":[{"id":38473,"href":"https:\/\/www.ebookers.ch\/reise-blog\/wp-json\/wp\/v2\/posts\/38461\/revisions\/38473"}],"wp:featuredmedia":[{"embeddable":true,"href":"https:\/\/www.ebookers.ch\/reise-blog\/wp-json\/wp\/v2\/media\/37319"}],"wp:attachment":[{"href":"https:\/\/www.ebookers.ch\/reise-blog\/wp-json\/wp\/v2\/media?parent=38461"}],"wp:term":[{"taxonomy":"category","embeddable":true,"href":"https:\/\/www.ebookers.ch\/reise-blog\/wp-json\/wp\/v2\/categories?post=38461"},{"taxonomy":"post_tag","embeddable":true,"href":"https:\/\/www.ebookers.ch\/reise-blog\/wp-json\/wp\/v2\/tags?post=38461"}],"curies":[{"name":"wp","href":"https:\/\/api.w.org\/{rel}","templated":true}]}}